{"id":4068,"date":"2026-01-22T11:51:57","date_gmt":"2026-01-22T14:51:57","guid":{"rendered":"https:\/\/www.mindself.com.br\/?p=4068"},"modified":"2026-01-22T16:04:55","modified_gmt":"2026-01-22T19:04:55","slug":"janeiro-branco-paz-equilibrio-saude-mental","status":"publish","type":"post","link":"https:\/\/www.mindself.com.br\/en\/post\/janeiro-branco-paz-equilibrio-saude-mental\/","title":{"rendered":"Paz, Equil\u00edbrio e Sa\u00fade Mental: em um mundo que n\u00e3o desacelera"},"content":{"rendered":"<p data-start=\"330\" data-end=\"794\">Vivemos em um tempo em que o barulho n\u00e3o para. N\u00e3o apenas o barulho das ruas, das telas ou das notifica\u00e7\u00f5es, mas o ru\u00eddo interno que se forma quando tudo parece urgente e nada termina de verdade. A mente permanece em estado de alerta por horas, dias, meses. Nesse cen\u00e1rio, falar de paz deixou de ser um ideal distante e passou a ser uma necessidade concreta. Paz hoje significa ter espa\u00e7o interno para pensar, sentir e decidir sem estar constantemente sob press\u00e3o.<\/p>\n<h3 data-start=\"796\" data-end=\"829\">Quando a mente vive em alerta<\/h3>\n<p data-start=\"831\" data-end=\"1189\">O Instituto Janeiro Branco prop\u00f5e justamente essa reflex\u00e3o ao colocar paz, equil\u00edbrio e sa\u00fade mental no centro da conversa. N\u00e3o como conceitos abstratos, mas como fundamentos de uma vida que precisa ser sustent\u00e1vel. A paz n\u00e3o surge quando os problemas acabam. Ela come\u00e7a quando existe clareza suficiente para atravessar os desafios sem perder o pr\u00f3prio eixo.<\/p>\n<p data-start=\"1191\" data-end=\"1632\">Equil\u00edbrio, por sua vez, n\u00e3o \u00e9 a tentativa de dar conta de tudo ao mesmo tempo. Ele nasce quando o ritmo da vida permite altern\u00e2ncia entre foco e recupera\u00e7\u00e3o. Em um mundo que valoriza a produtividade constante, muitas pessoas vivem em um estado de esfor\u00e7o cont\u00ednuo, sem espa\u00e7o para reorganizar a aten\u00e7\u00e3o ou simplesmente parar por alguns instantes. Isso cobra um pre\u00e7o. O corpo cansa, a mente se confunde e as emo\u00e7\u00f5es se tornam mais reativas.<\/p>\n<h3 data-start=\"1634\" data-end=\"1669\">O custo invis\u00edvel da sobrecarga<\/h3>\n<p data-start=\"1671\" data-end=\"2135\">Quando n\u00e3o existe espa\u00e7o para recuperar, a mente entra em modo de sobreviv\u00eancia. Nesse estado, a qualidade das decis\u00f5es diminui, a paci\u00eancia se reduz e os conflitos aumentam. A Organiza\u00e7\u00e3o Mundial da Sa\u00fade destaca que ambientes que oferecem previsibilidade, apoio e organiza\u00e7\u00e3o reduzem riscos de estresse cr\u00f4nico e favorecem o bem estar. Isso mostra que a sa\u00fade mental n\u00e3o depende apenas de esfor\u00e7o individual, mas das condi\u00e7\u00f5es que cercam as pessoas no dia a dia.<\/p>\n<p data-start=\"2137\" data-end=\"2418\">A sa\u00fade mental \u00e9 o reflexo dessa rela\u00e7\u00e3o entre paz e equil\u00edbrio. Ela n\u00e3o \u00e9 apenas a aus\u00eancia de sofrimento intenso, mas a capacidade de funcionar com clareza, estabilidade emocional e presen\u00e7a. Rotinas ca\u00f3ticas e excesso de est\u00edmulos corroem esse funcionamento de forma silenciosa.<\/p>\n<h3 data-start=\"2420\" data-end=\"2466\">Por que o ritmo importa mais do que parece<\/h3>\n<p data-start=\"2468\" data-end=\"2727\">A mente humana precisa de altern\u00e2ncia. Foco sem pausa se transforma em tens\u00e3o. Exig\u00eancia sem recupera\u00e7\u00e3o se transforma em desgaste. Quando o ritmo permite respirar, refletir e reorganizar, o c\u00e9rebro recupera sua capacidade natural de adapta\u00e7\u00e3o e criatividade.<\/p>\n<p data-start=\"2729\" data-end=\"3037\">O Janeiro Branco convida a olhar para isso com mais honestidade. N\u00e3o como um m\u00eas de frases prontas, mas como um lembrete de que o cuidado com a sa\u00fade mental come\u00e7a antes do limite. Ele se constr\u00f3i nas pequenas escolhas que se repetem, na forma como os dias s\u00e3o organizados e no respeito aos pr\u00f3prios limites.<\/p>\n<h3 data-start=\"3039\" data-end=\"3081\">Um compromisso que vai al\u00e9m de janeiro<\/h3>\n<p data-start=\"3083\" data-end=\"3419\">S\u00e3o pr\u00e1ticas que se cultivam diariamente. Em um mundo que insiste em acelerar, escolher cuidar da mente \u00e9 um ato de consci\u00eancia. E quando essa escolha se repete, ela deixa de ser exce\u00e7\u00e3o e passa a fazer parte da forma como vivemos, trabalhamos e nos relacionamos.<\/p>","protected":false},"excerpt":{"rendered":"<p>Vivemos em um tempo em que o barulho n\u00e3o para. N\u00e3o apenas o barulho das ruas, das telas ou das notifica\u00e7\u00f5es, mas o ru\u00eddo interno que se forma quando tudo parece urgente e nada termina de verdade. A mente permanece em estado de alerta por horas, dias, meses. Nesse cen\u00e1rio, falar de paz deixou de [&hellip;]<\/p>\n","protected":false},"author":23,"featured_media":4070,"comment_status":"closed","ping_status":"closed","sticky":false,"template":"","format":"standard","meta":{"footnotes":""},"categories":[1],"tags":[115,80,58,105,106,186,107,114],"class_list":["post-4068","post","type-post","status-publish","format-standard","has-post-thumbnail","hentry","category-uncategorized","tag-cuidados","tag-empresa","tag-equilibrio","tag-janeiro","tag-janeirobranco","tag-paz","tag-rh","tag-saudemental"],"yoast_head":"<!-- This site is optimized with the Yoast SEO plugin v27.4 - https:\/\/yoast.com\/product\/yoast-seo-wordpress\/ -->\n<title>Paz, Equil\u00edbrio e Sa\u00fade Mental: em um mundo que n\u00e3o desacelera - MINDSELF<\/title>\n<meta name=\"description\" content=\"Neste artigo trataremos sobre &quot;Paz, Equil\u00edbrio e Sa\u00fade Mental: em um mundo que n\u00e3o desacelera&quot; atrav\u00e9s da vis\u00e3o de praticantes de medita\u00e7\u00e3o e especialistas em desenvolvimento pessoal. Leia mais!\" \/>\n<meta name=\"robots\" content=\"index, follow, max-snippet:-1, max-image-preview:large, max-video-preview:-1\" \/>\n<link rel=\"canonical\" href=\"https:\/\/www.mindself.com.br\/en\/post\/janeiro-branco-paz-equilibrio-saude-mental\/\" \/>\n<meta property=\"og:locale\" content=\"en_US\" \/>\n<meta property=\"og:type\" content=\"article\" \/>\n<meta property=\"og:title\" content=\"Paz, Equil\u00edbrio e Sa\u00fade Mental: em um mundo que n\u00e3o desacelera - MINDSELF\" \/>\n<meta property=\"og:description\" content=\"Neste artigo trataremos sobre &quot;Paz, Equil\u00edbrio e Sa\u00fade Mental: em um mundo que n\u00e3o desacelera&quot; atrav\u00e9s da vis\u00e3o de praticantes de medita\u00e7\u00e3o e especialistas em desenvolvimento pessoal. Leia mais!\" \/>\n<meta property=\"og:url\" content=\"https:\/\/www.mindself.com.br\/en\/post\/janeiro-branco-paz-equilibrio-saude-mental\/\" \/>\n<meta property=\"og:site_name\" content=\"MINDSELF\" \/>\n<meta property=\"article:publisher\" content=\"https:\/\/www.facebook.com\/mindselfmeditacao\" \/>\n<meta property=\"article:published_time\" content=\"2026-01-22T14:51:57+00:00\" \/>\n<meta property=\"article:modified_time\" content=\"2026-01-22T19:04:55+00:00\" \/>\n<meta property=\"og:image\" content=\"https:\/\/www.mindself.com.br\/wp-content\/uploads\/2026\/01\/Capa-Blog-5.png\" \/>\n\t<meta property=\"og:image:width\" content=\"768\" \/>\n\t<meta property=\"og:image:height\" content=\"513\" \/>\n\t<meta property=\"og:image:type\" content=\"image\/png\" \/>\n<meta name=\"author\" content=\"Paulo Henrique Campos\" \/>\n<meta name=\"twitter:card\" content=\"summary_large_image\" \/>\n<meta name=\"twitter:label1\" content=\"Written by\" \/>\n\t<meta name=\"twitter:data1\" content=\"Paulo Henrique Campos\" \/>\n\t<meta name=\"twitter:label2\" content=\"Est. reading time\" \/>\n\t<meta name=\"twitter:data2\" content=\"3 minutes\" \/>\n<script type=\"application\/ld+json\" class=\"yoast-schema-graph\">{\"@context\":\"https:\\\/\\\/schema.org\",\"@graph\":[{\"@type\":\"Article\",\"@id\":\"https:\\\/\\\/www.mindself.com.br\\\/post\\\/janeiro-branco-paz-equilibrio-saude-mental\\\/#article\",\"isPartOf\":{\"@id\":\"https:\\\/\\\/www.mindself.com.br\\\/post\\\/janeiro-branco-paz-equilibrio-saude-mental\\\/\"},\"author\":{\"name\":\"Paulo Henrique Campos\",\"@id\":\"https:\\\/\\\/www.mindself.com.br\\\/en\\\/#\\\/schema\\\/person\\\/d8ea7fc80af2d90500301ba24d7a909f\"},\"headline\":\"Paz, Equil\u00edbrio e Sa\u00fade Mental: em um mundo que n\u00e3o desacelera\",\"datePublished\":\"2026-01-22T14:51:57+00:00\",\"dateModified\":\"2026-01-22T19:04:55+00:00\",\"mainEntityOfPage\":{\"@id\":\"https:\\\/\\\/www.mindself.com.br\\\/post\\\/janeiro-branco-paz-equilibrio-saude-mental\\\/\"},\"wordCount\":576,\"publisher\":{\"@id\":\"https:\\\/\\\/www.mindself.com.br\\\/en\\\/#organization\"},\"image\":{\"@id\":\"https:\\\/\\\/www.mindself.com.br\\\/post\\\/janeiro-branco-paz-equilibrio-saude-mental\\\/#primaryimage\"},\"thumbnailUrl\":\"https:\\\/\\\/www.mindself.com.br\\\/wp-content\\\/uploads\\\/2026\\\/01\\\/Capa-Blog-5.png\",\"keywords\":[\"cuidados\",\"empresa\",\"equil\u00edbrio\",\"janeiro\",\"janeirobranco\",\"paz\",\"rh\",\"saudemental\"],\"inLanguage\":\"en-US\"},{\"@type\":\"WebPage\",\"@id\":\"https:\\\/\\\/www.mindself.com.br\\\/post\\\/janeiro-branco-paz-equilibrio-saude-mental\\\/\",\"url\":\"https:\\\/\\\/www.mindself.com.br\\\/post\\\/janeiro-branco-paz-equilibrio-saude-mental\\\/\",\"name\":\"Paz, Equil\u00edbrio e Sa\u00fade Mental: em um mundo que n\u00e3o desacelera - MINDSELF\",\"isPartOf\":{\"@id\":\"https:\\\/\\\/www.mindself.com.br\\\/en\\\/#website\"},\"primaryImageOfPage\":{\"@id\":\"https:\\\/\\\/www.mindself.com.br\\\/post\\\/janeiro-branco-paz-equilibrio-saude-mental\\\/#primaryimage\"},\"image\":{\"@id\":\"https:\\\/\\\/www.mindself.com.br\\\/post\\\/janeiro-branco-paz-equilibrio-saude-mental\\\/#primaryimage\"},\"thumbnailUrl\":\"https:\\\/\\\/www.mindself.com.br\\\/wp-content\\\/uploads\\\/2026\\\/01\\\/Capa-Blog-5.png\",\"datePublished\":\"2026-01-22T14:51:57+00:00\",\"dateModified\":\"2026-01-22T19:04:55+00:00\",\"description\":\"Neste artigo trataremos sobre \\\"Paz, Equil\u00edbrio e Sa\u00fade Mental: em um mundo que n\u00e3o desacelera\\\" atrav\u00e9s da vis\u00e3o de praticantes de medita\u00e7\u00e3o e especialistas em desenvolvimento pessoal. Leia mais!\",\"breadcrumb\":{\"@id\":\"https:\\\/\\\/www.mindself.com.br\\\/post\\\/janeiro-branco-paz-equilibrio-saude-mental\\\/#breadcrumb\"},\"inLanguage\":\"en-US\",\"potentialAction\":[{\"@type\":\"ReadAction\",\"target\":[\"https:\\\/\\\/www.mindself.com.br\\\/post\\\/janeiro-branco-paz-equilibrio-saude-mental\\\/\"]}]},{\"@type\":\"ImageObject\",\"inLanguage\":\"en-US\",\"@id\":\"https:\\\/\\\/www.mindself.com.br\\\/post\\\/janeiro-branco-paz-equilibrio-saude-mental\\\/#primaryimage\",\"url\":\"https:\\\/\\\/www.mindself.com.br\\\/wp-content\\\/uploads\\\/2026\\\/01\\\/Capa-Blog-5.png\",\"contentUrl\":\"https:\\\/\\\/www.mindself.com.br\\\/wp-content\\\/uploads\\\/2026\\\/01\\\/Capa-Blog-5.png\",\"width\":768,\"height\":513},{\"@type\":\"BreadcrumbList\",\"@id\":\"https:\\\/\\\/www.mindself.com.br\\\/post\\\/janeiro-branco-paz-equilibrio-saude-mental\\\/#breadcrumb\",\"itemListElement\":[{\"@type\":\"ListItem\",\"position\":1,\"name\":\"In\u00edcio\",\"item\":\"https:\\\/\\\/www.mindself.com.br\\\/\"},{\"@type\":\"ListItem\",\"position\":2,\"name\":\"Paz, Equil\u00edbrio e Sa\u00fade Mental: em um mundo que n\u00e3o desacelera\"}]},{\"@type\":\"WebSite\",\"@id\":\"https:\\\/\\\/www.mindself.com.br\\\/en\\\/#website\",\"url\":\"https:\\\/\\\/www.mindself.com.br\\\/en\\\/\",\"name\":\"MINDSELF\",\"description\":\"\",\"publisher\":{\"@id\":\"https:\\\/\\\/www.mindself.com.br\\\/en\\\/#organization\"},\"potentialAction\":[{\"@type\":\"SearchAction\",\"target\":{\"@type\":\"EntryPoint\",\"urlTemplate\":\"https:\\\/\\\/www.mindself.com.br\\\/en\\\/?s={search_term_string}\"},\"query-input\":{\"@type\":\"PropertyValueSpecification\",\"valueRequired\":true,\"valueName\":\"search_term_string\"}}],\"inLanguage\":\"en-US\"},{\"@type\":\"Organization\",\"@id\":\"https:\\\/\\\/www.mindself.com.br\\\/en\\\/#organization\",\"name\":\"MINDSELF\",\"url\":\"https:\\\/\\\/www.mindself.com.br\\\/en\\\/\",\"logo\":{\"@type\":\"ImageObject\",\"inLanguage\":\"en-US\",\"@id\":\"https:\\\/\\\/www.mindself.com.br\\\/en\\\/#\\\/schema\\\/logo\\\/image\\\/\",\"url\":\"https:\\\/\\\/www.mindself.com.br\\\/wp-content\\\/uploads\\\/2018\\\/09\\\/frame-164451.png\",\"contentUrl\":\"https:\\\/\\\/www.mindself.com.br\\\/wp-content\\\/uploads\\\/2018\\\/09\\\/frame-164451.png\",\"width\":306,\"height\":42,\"caption\":\"MINDSELF\"},\"image\":{\"@id\":\"https:\\\/\\\/www.mindself.com.br\\\/en\\\/#\\\/schema\\\/logo\\\/image\\\/\"},\"sameAs\":[\"https:\\\/\\\/www.facebook.com\\\/mindselfmeditacao\",\"https:\\\/\\\/www.instagram.com\\\/mindself_meditacao\\\/\",\"https:\\\/\\\/www.linkedin.com\\\/company\\\/mindself\\\/\"]},{\"@type\":\"Person\",\"@id\":\"https:\\\/\\\/www.mindself.com.br\\\/en\\\/#\\\/schema\\\/person\\\/d8ea7fc80af2d90500301ba24d7a909f\",\"name\":\"Paulo Henrique Campos\",\"sameAs\":[\"http:\\\/\\\/www.mindself.com.br\"],\"url\":\"https:\\\/\\\/www.mindself.com.br\\\/en\\\/post\\\/author\\\/paulo-henrique\\\/\"}]}<\/script>\n<!-- \/ Yoast SEO plugin. -->","yoast_head_json":{"title":"Paz, Equil\u00edbrio e Sa\u00fade Mental: em um mundo que n\u00e3o desacelera - MINDSELF","description":"Neste artigo trataremos sobre \"Paz, Equil\u00edbrio e Sa\u00fade Mental: em um mundo que n\u00e3o desacelera\" atrav\u00e9s da vis\u00e3o de praticantes de medita\u00e7\u00e3o e especialistas em desenvolvimento pessoal. Leia mais!","robots":{"index":"index","follow":"follow","max-snippet":"max-snippet:-1","max-image-preview":"max-image-preview:large","max-video-preview":"max-video-preview:-1"},"canonical":"https:\/\/www.mindself.com.br\/en\/post\/janeiro-branco-paz-equilibrio-saude-mental\/","og_locale":"en_US","og_type":"article","og_title":"Paz, Equil\u00edbrio e Sa\u00fade Mental: em um mundo que n\u00e3o desacelera - MINDSELF","og_description":"Neste artigo trataremos sobre \"Paz, Equil\u00edbrio e Sa\u00fade Mental: em um mundo que n\u00e3o desacelera\" atrav\u00e9s da vis\u00e3o de praticantes de medita\u00e7\u00e3o e especialistas em desenvolvimento pessoal. Leia mais!","og_url":"https:\/\/www.mindself.com.br\/en\/post\/janeiro-branco-paz-equilibrio-saude-mental\/","og_site_name":"MINDSELF","article_publisher":"https:\/\/www.facebook.com\/mindselfmeditacao","article_published_time":"2026-01-22T14:51:57+00:00","article_modified_time":"2026-01-22T19:04:55+00:00","og_image":[{"width":768,"height":513,"url":"https:\/\/www.mindself.com.br\/wp-content\/uploads\/2026\/01\/Capa-Blog-5.png","type":"image\/png"}],"author":"Paulo Henrique Campos","twitter_card":"summary_large_image","twitter_misc":{"Written by":"Paulo Henrique Campos","Est. reading time":"3 minutes"},"schema":{"@context":"https:\/\/schema.org","@graph":[{"@type":"Article","@id":"https:\/\/www.mindself.com.br\/post\/janeiro-branco-paz-equilibrio-saude-mental\/#article","isPartOf":{"@id":"https:\/\/www.mindself.com.br\/post\/janeiro-branco-paz-equilibrio-saude-mental\/"},"author":{"name":"Paulo Henrique Campos","@id":"https:\/\/www.mindself.com.br\/en\/#\/schema\/person\/d8ea7fc80af2d90500301ba24d7a909f"},"headline":"Paz, Equil\u00edbrio e Sa\u00fade Mental: em um mundo que n\u00e3o desacelera","datePublished":"2026-01-22T14:51:57+00:00","dateModified":"2026-01-22T19:04:55+00:00","mainEntityOfPage":{"@id":"https:\/\/www.mindself.com.br\/post\/janeiro-branco-paz-equilibrio-saude-mental\/"},"wordCount":576,"publisher":{"@id":"https:\/\/www.mindself.com.br\/en\/#organization"},"image":{"@id":"https:\/\/www.mindself.com.br\/post\/janeiro-branco-paz-equilibrio-saude-mental\/#primaryimage"},"thumbnailUrl":"https:\/\/www.mindself.com.br\/wp-content\/uploads\/2026\/01\/Capa-Blog-5.png","keywords":["cuidados","empresa","equil\u00edbrio","janeiro","janeirobranco","paz","rh","saudemental"],"inLanguage":"en-US"},{"@type":"WebPage","@id":"https:\/\/www.mindself.com.br\/post\/janeiro-branco-paz-equilibrio-saude-mental\/","url":"https:\/\/www.mindself.com.br\/post\/janeiro-branco-paz-equilibrio-saude-mental\/","name":"Paz, Equil\u00edbrio e Sa\u00fade Mental: em um mundo que n\u00e3o desacelera - MINDSELF","isPartOf":{"@id":"https:\/\/www.mindself.com.br\/en\/#website"},"primaryImageOfPage":{"@id":"https:\/\/www.mindself.com.br\/post\/janeiro-branco-paz-equilibrio-saude-mental\/#primaryimage"},"image":{"@id":"https:\/\/www.mindself.com.br\/post\/janeiro-branco-paz-equilibrio-saude-mental\/#primaryimage"},"thumbnailUrl":"https:\/\/www.mindself.com.br\/wp-content\/uploads\/2026\/01\/Capa-Blog-5.png","datePublished":"2026-01-22T14:51:57+00:00","dateModified":"2026-01-22T19:04:55+00:00","description":"Neste artigo trataremos sobre \"Paz, Equil\u00edbrio e Sa\u00fade Mental: em um mundo que n\u00e3o desacelera\" atrav\u00e9s da vis\u00e3o de praticantes de medita\u00e7\u00e3o e especialistas em desenvolvimento pessoal. Leia mais!","breadcrumb":{"@id":"https:\/\/www.mindself.com.br\/post\/janeiro-branco-paz-equilibrio-saude-mental\/#breadcrumb"},"inLanguage":"en-US","potentialAction":[{"@type":"ReadAction","target":["https:\/\/www.mindself.com.br\/post\/janeiro-branco-paz-equilibrio-saude-mental\/"]}]},{"@type":"ImageObject","inLanguage":"en-US","@id":"https:\/\/www.mindself.com.br\/post\/janeiro-branco-paz-equilibrio-saude-mental\/#primaryimage","url":"https:\/\/www.mindself.com.br\/wp-content\/uploads\/2026\/01\/Capa-Blog-5.png","contentUrl":"https:\/\/www.mindself.com.br\/wp-content\/uploads\/2026\/01\/Capa-Blog-5.png","width":768,"height":513},{"@type":"BreadcrumbList","@id":"https:\/\/www.mindself.com.br\/post\/janeiro-branco-paz-equilibrio-saude-mental\/#breadcrumb","itemListElement":[{"@type":"ListItem","position":1,"name":"In\u00edcio","item":"https:\/\/www.mindself.com.br\/"},{"@type":"ListItem","position":2,"name":"Paz, Equil\u00edbrio e Sa\u00fade Mental: em um mundo que n\u00e3o desacelera"}]},{"@type":"WebSite","@id":"https:\/\/www.mindself.com.br\/en\/#website","url":"https:\/\/www.mindself.com.br\/en\/","name":"MINDSELF","description":"","publisher":{"@id":"https:\/\/www.mindself.com.br\/en\/#organization"},"potentialAction":[{"@type":"SearchAction","target":{"@type":"EntryPoint","urlTemplate":"https:\/\/www.mindself.com.br\/en\/?s={search_term_string}"},"query-input":{"@type":"PropertyValueSpecification","valueRequired":true,"valueName":"search_term_string"}}],"inLanguage":"en-US"},{"@type":"Organization","@id":"https:\/\/www.mindself.com.br\/en\/#organization","name":"MINDSELF","url":"https:\/\/www.mindself.com.br\/en\/","logo":{"@type":"ImageObject","inLanguage":"en-US","@id":"https:\/\/www.mindself.com.br\/en\/#\/schema\/logo\/image\/","url":"https:\/\/www.mindself.com.br\/wp-content\/uploads\/2018\/09\/frame-164451.png","contentUrl":"https:\/\/www.mindself.com.br\/wp-content\/uploads\/2018\/09\/frame-164451.png","width":306,"height":42,"caption":"MINDSELF"},"image":{"@id":"https:\/\/www.mindself.com.br\/en\/#\/schema\/logo\/image\/"},"sameAs":["https:\/\/www.facebook.com\/mindselfmeditacao","https:\/\/www.instagram.com\/mindself_meditacao\/","https:\/\/www.linkedin.com\/company\/mindself\/"]},{"@type":"Person","@id":"https:\/\/www.mindself.com.br\/en\/#\/schema\/person\/d8ea7fc80af2d90500301ba24d7a909f","name":"Paulo Henrique Campos","sameAs":["http:\/\/www.mindself.com.br"],"url":"https:\/\/www.mindself.com.br\/en\/post\/author\/paulo-henrique\/"}]}},"_links":{"self":[{"href":"https:\/\/www.mindself.com.br\/en\/wp-json\/wp\/v2\/posts\/4068","targetHints":{"allow":["GET"]}}],"collection":[{"href":"https:\/\/www.mindself.com.br\/en\/wp-json\/wp\/v2\/posts"}],"about":[{"href":"https:\/\/www.mindself.com.br\/en\/wp-json\/wp\/v2\/types\/post"}],"author":[{"embeddable":true,"href":"https:\/\/www.mindself.com.br\/en\/wp-json\/wp\/v2\/users\/23"}],"replies":[{"embeddable":true,"href":"https:\/\/www.mindself.com.br\/en\/wp-json\/wp\/v2\/comments?post=4068"}],"version-history":[{"count":2,"href":"https:\/\/www.mindself.com.br\/en\/wp-json\/wp\/v2\/posts\/4068\/revisions"}],"predecessor-version":[{"id":4073,"href":"https:\/\/www.mindself.com.br\/en\/wp-json\/wp\/v2\/posts\/4068\/revisions\/4073"}],"wp:featuredmedia":[{"embeddable":true,"href":"https:\/\/www.mindself.com.br\/en\/wp-json\/wp\/v2\/media\/4070"}],"wp:attachment":[{"href":"https:\/\/www.mindself.com.br\/en\/wp-json\/wp\/v2\/media?parent=4068"}],"wp:term":[{"taxonomy":"category","embeddable":true,"href":"https:\/\/www.mindself.com.br\/en\/wp-json\/wp\/v2\/categories?post=4068"},{"taxonomy":"post_tag","embeddable":true,"href":"https:\/\/www.mindself.com.br\/en\/wp-json\/wp\/v2\/tags?post=4068"}],"curies":[{"name":"wp","href":"https:\/\/api.w.org\/{rel}","templated":true}]}}