{"id":4055,"date":"2025-12-05T10:00:49","date_gmt":"2025-12-05T13:00:49","guid":{"rendered":"https:\/\/www.mindself.com.br\/?p=4055"},"modified":"2025-12-03T12:38:24","modified_gmt":"2025-12-03T15:38:24","slug":"ambientes-que-protegem-a-sua-mente-o-impacto-do-lugar-onde-voce-trabalha-na-sua-clareza-mental","status":"publish","type":"post","link":"https:\/\/www.mindself.com.br\/en\/post\/ambientes-que-protegem-a-sua-mente-o-impacto-do-lugar-onde-voce-trabalha-na-sua-clareza-mental\/","title":{"rendered":"Ambientes que protegem a sua mente: o impacto do lugar onde voc\u00ea trabalha na sua clareza mental"},"content":{"rendered":"<p data-start=\"367\" data-end=\"660\">Voc\u00ea j\u00e1 percebeu como existe lugar que deixa sua mente mais leve e outro que parece sugar toda a sua energia?<\/p>\n<p data-start=\"367\" data-end=\"660\">Em ambientes corporativos isso fica expl\u00edcito. A ci\u00eancia j\u00e1 mostrou que o espa\u00e7o onde voc\u00ea trabalha influencia diretamente sua clareza mental e at\u00e9 a forma como voc\u00ea reage ao estresse.<\/p>\n<p data-start=\"662\" data-end=\"978\">Um relat\u00f3rio recente da Organiza\u00e7\u00e3o Mundial da Sa\u00fade sobre sa\u00fade mental no trabalho refor\u00e7a que ambientes barulhentos e sobrecarregados aumentam a press\u00e3o cognitiva. N\u00e3o \u00e9 apenas inc\u00f4modo. Seu c\u00e9rebro precisa gastar energia para se defender do excesso de est\u00edmulos. Isso reduz foco e interfere na tomada de decis\u00f5es.<\/p>\n<p data-start=\"980\" data-end=\"1305\">Pesquisas de universidades como Harvard tamb\u00e9m v\u00eam mostrando que pequenos ajustes no espa\u00e7o f\u00edsico melhoram o racioc\u00ednio e a produtividade. Ilumina\u00e7\u00e3o natural, ventila\u00e7\u00e3o adequada e \u00e1reas silenciosas ajudam o c\u00e9rebro a entrar em um estado de aten\u00e7\u00e3o mais est\u00e1vel. O ambiente n\u00e3o precisa ser perfeito. Precisa ser inteligente.<\/p>\n<p data-start=\"1307\" data-end=\"1658\">No Brasil, levantamentos da Funda\u00e7\u00e3o Oswaldo Cruz destacam que a desorganiza\u00e7\u00e3o e o ac\u00famulo de est\u00edmulos visuais s\u00e3o gatilhos importantes para a exaust\u00e3o mental. O excesso de reuni\u00f5es, notifica\u00e7\u00f5es e telas somado a um ambiente confuso cria um cen\u00e1rio de desgaste constante. Em contrapartida, quando o espa\u00e7o apoia a pausa a mente responde rapidamente.<\/p>\n<p data-start=\"1660\" data-end=\"2015\">Pontos de descanso mental diminuem a sensa\u00e7\u00e3o de urg\u00eancia, reduzem distra\u00e7\u00f5es e criam um momento de reorganiza\u00e7\u00e3o interna. Estudos publicados na Frontiers in Psychology mostram que pr\u00e1ticas curtas de medita\u00e7\u00e3o em ambientes acolhedores geram impacto quase imediato na sensa\u00e7\u00e3o de presen\u00e7a e calma. N\u00e3o \u00e9 teoria distante. \u00c9 o corpo funcionando como deveria.<\/p>\n<p data-start=\"2017\" data-end=\"2379\">Dentro das empresas essa mudan\u00e7a j\u00e1 come\u00e7ou. Salas de pausa, \u00e1reas silenciosas e espa\u00e7os pensados para o bem estar viraram aliados das equipes. E \u00e9 aqui que a MINDSELF entra como parceira estrat\u00e9gica criando ambientes que ajudam as pessoas a recuperar foco e presen\u00e7a em poucos minutos. Um espa\u00e7o bem desenhado n\u00e3o serve apenas para decorar. Ele devolve clareza.<\/p>\n<p data-start=\"2381\" data-end=\"2637\">Se o seu ambiente de trabalho facilita a aten\u00e7\u00e3o voc\u00ea produz melhor. Se o espa\u00e7o estimula o caos sua mente trabalha no modo sobreviv\u00eancia. \u00c9 por isso que cuidar do ambiente f\u00edsico tamb\u00e9m \u00e9 cuidar da sa\u00fade emocional das pessoas que vivem nele todos os dias.<\/p>\n<p data-start=\"2639\" data-end=\"2875\">No fim tudo converge para a mesma ideia. Ambientes bem estruturados protegem sua mente e apoiam sua melhor vers\u00e3o. Quando empresas entendem isso elas n\u00e3o s\u00f3 melhoram resultados mas tamb\u00e9m constroem uma cultura mais humana e sustent\u00e1vel.<\/p>","protected":false},"excerpt":{"rendered":"<p>Voc\u00ea j\u00e1 percebeu como existe lugar que deixa sua mente mais leve e outro que parece sugar toda a sua energia? Em ambientes corporativos isso fica expl\u00edcito. A ci\u00eancia j\u00e1 mostrou que o espa\u00e7o onde voc\u00ea trabalha influencia diretamente sua clareza mental e at\u00e9 a forma como voc\u00ea reage ao estresse. Um relat\u00f3rio recente da [&hellip;]<\/p>\n","protected":false},"author":23,"featured_media":4056,"comment_status":"closed","ping_status":"closed","sticky":false,"template":"","format":"standard","meta":{"footnotes":""},"categories":[1],"tags":[35,114,68,180],"class_list":["post-4055","post","type-post","status-publish","format-standard","has-post-thumbnail","hentry","category-uncategorized","tag-mindfulness","tag-saudemental","tag-trabalho","tag-work"],"yoast_head":"<!-- This site is optimized with the Yoast SEO plugin v27.4 - https:\/\/yoast.com\/product\/yoast-seo-wordpress\/ -->\n<title>Ambientes que protegem a sua mente: o impacto do lugar onde voc\u00ea trabalha na sua clareza mental - MINDSELF<\/title>\n<meta name=\"description\" content=\"Neste artigo trataremos sobre &quot;Ambientes que protegem a sua mente: o impacto do lugar onde voc\u00ea trabalha na sua clareza mental&quot; atrav\u00e9s da vis\u00e3o de praticantes de medita\u00e7\u00e3o e especialistas em desenvolvimento pessoal. Leia mais!\" \/>\n<meta name=\"robots\" content=\"index, follow, max-snippet:-1, max-image-preview:large, max-video-preview:-1\" \/>\n<link rel=\"canonical\" href=\"https:\/\/www.mindself.com.br\/en\/post\/ambientes-que-protegem-a-sua-mente-o-impacto-do-lugar-onde-voce-trabalha-na-sua-clareza-mental\/\" \/>\n<meta property=\"og:locale\" content=\"en_US\" \/>\n<meta property=\"og:type\" content=\"article\" \/>\n<meta property=\"og:title\" content=\"Ambientes que protegem a sua mente: o impacto do lugar onde voc\u00ea trabalha na sua clareza mental - MINDSELF\" \/>\n<meta property=\"og:description\" content=\"Neste artigo trataremos sobre &quot;Ambientes que protegem a sua mente: o impacto do lugar onde voc\u00ea trabalha na sua clareza mental&quot; atrav\u00e9s da vis\u00e3o de praticantes de medita\u00e7\u00e3o e especialistas em desenvolvimento pessoal. Leia mais!\" \/>\n<meta property=\"og:url\" content=\"https:\/\/www.mindself.com.br\/en\/post\/ambientes-que-protegem-a-sua-mente-o-impacto-do-lugar-onde-voce-trabalha-na-sua-clareza-mental\/\" \/>\n<meta property=\"og:site_name\" content=\"MINDSELF\" \/>\n<meta property=\"article:publisher\" content=\"https:\/\/www.facebook.com\/mindselfmeditacao\" \/>\n<meta property=\"article:published_time\" content=\"2025-12-05T13:00:49+00:00\" \/>\n<meta property=\"og:image\" content=\"https:\/\/www.mindself.com.br\/wp-content\/uploads\/2025\/12\/Capa-Blog-2.png\" \/>\n\t<meta property=\"og:image:width\" content=\"768\" \/>\n\t<meta property=\"og:image:height\" content=\"513\" \/>\n\t<meta property=\"og:image:type\" content=\"image\/png\" \/>\n<meta name=\"author\" content=\"Paulo Henrique Campos\" \/>\n<meta name=\"twitter:card\" content=\"summary_large_image\" \/>\n<meta name=\"twitter:label1\" content=\"Written by\" \/>\n\t<meta name=\"twitter:data1\" content=\"Paulo Henrique Campos\" \/>\n\t<meta name=\"twitter:label2\" content=\"Est. reading time\" \/>\n\t<meta name=\"twitter:data2\" content=\"2 minutes\" \/>\n<script type=\"application\/ld+json\" class=\"yoast-schema-graph\">{\"@context\":\"https:\\\/\\\/schema.org\",\"@graph\":[{\"@type\":\"Article\",\"@id\":\"https:\\\/\\\/www.mindself.com.br\\\/post\\\/ambientes-que-protegem-a-sua-mente-o-impacto-do-lugar-onde-voce-trabalha-na-sua-clareza-mental\\\/#article\",\"isPartOf\":{\"@id\":\"https:\\\/\\\/www.mindself.com.br\\\/post\\\/ambientes-que-protegem-a-sua-mente-o-impacto-do-lugar-onde-voce-trabalha-na-sua-clareza-mental\\\/\"},\"author\":{\"name\":\"Paulo Henrique Campos\",\"@id\":\"https:\\\/\\\/www.mindself.com.br\\\/en\\\/#\\\/schema\\\/person\\\/d8ea7fc80af2d90500301ba24d7a909f\"},\"headline\":\"Ambientes que protegem a sua mente: o impacto do lugar onde voc\u00ea trabalha na sua clareza mental\",\"datePublished\":\"2025-12-05T13:00:49+00:00\",\"mainEntityOfPage\":{\"@id\":\"https:\\\/\\\/www.mindself.com.br\\\/post\\\/ambientes-que-protegem-a-sua-mente-o-impacto-do-lugar-onde-voce-trabalha-na-sua-clareza-mental\\\/\"},\"wordCount\":468,\"publisher\":{\"@id\":\"https:\\\/\\\/www.mindself.com.br\\\/en\\\/#organization\"},\"image\":{\"@id\":\"https:\\\/\\\/www.mindself.com.br\\\/post\\\/ambientes-que-protegem-a-sua-mente-o-impacto-do-lugar-onde-voce-trabalha-na-sua-clareza-mental\\\/#primaryimage\"},\"thumbnailUrl\":\"https:\\\/\\\/www.mindself.com.br\\\/wp-content\\\/uploads\\\/2025\\\/12\\\/Capa-Blog-2.png\",\"keywords\":[\"mindfulness\",\"saudemental\",\"trabalho\",\"work\"],\"inLanguage\":\"en-US\"},{\"@type\":\"WebPage\",\"@id\":\"https:\\\/\\\/www.mindself.com.br\\\/post\\\/ambientes-que-protegem-a-sua-mente-o-impacto-do-lugar-onde-voce-trabalha-na-sua-clareza-mental\\\/\",\"url\":\"https:\\\/\\\/www.mindself.com.br\\\/post\\\/ambientes-que-protegem-a-sua-mente-o-impacto-do-lugar-onde-voce-trabalha-na-sua-clareza-mental\\\/\",\"name\":\"Ambientes que protegem a sua mente: o impacto do lugar onde voc\u00ea trabalha na sua clareza mental - MINDSELF\",\"isPartOf\":{\"@id\":\"https:\\\/\\\/www.mindself.com.br\\\/en\\\/#website\"},\"primaryImageOfPage\":{\"@id\":\"https:\\\/\\\/www.mindself.com.br\\\/post\\\/ambientes-que-protegem-a-sua-mente-o-impacto-do-lugar-onde-voce-trabalha-na-sua-clareza-mental\\\/#primaryimage\"},\"image\":{\"@id\":\"https:\\\/\\\/www.mindself.com.br\\\/post\\\/ambientes-que-protegem-a-sua-mente-o-impacto-do-lugar-onde-voce-trabalha-na-sua-clareza-mental\\\/#primaryimage\"},\"thumbnailUrl\":\"https:\\\/\\\/www.mindself.com.br\\\/wp-content\\\/uploads\\\/2025\\\/12\\\/Capa-Blog-2.png\",\"datePublished\":\"2025-12-05T13:00:49+00:00\",\"description\":\"Neste artigo trataremos sobre \\\"Ambientes que protegem a sua mente: o impacto do lugar onde voc\u00ea trabalha na sua clareza mental\\\" atrav\u00e9s da vis\u00e3o de praticantes de medita\u00e7\u00e3o e especialistas em desenvolvimento pessoal. Leia mais!\",\"breadcrumb\":{\"@id\":\"https:\\\/\\\/www.mindself.com.br\\\/post\\\/ambientes-que-protegem-a-sua-mente-o-impacto-do-lugar-onde-voce-trabalha-na-sua-clareza-mental\\\/#breadcrumb\"},\"inLanguage\":\"en-US\",\"potentialAction\":[{\"@type\":\"ReadAction\",\"target\":[\"https:\\\/\\\/www.mindself.com.br\\\/post\\\/ambientes-que-protegem-a-sua-mente-o-impacto-do-lugar-onde-voce-trabalha-na-sua-clareza-mental\\\/\"]}]},{\"@type\":\"ImageObject\",\"inLanguage\":\"en-US\",\"@id\":\"https:\\\/\\\/www.mindself.com.br\\\/post\\\/ambientes-que-protegem-a-sua-mente-o-impacto-do-lugar-onde-voce-trabalha-na-sua-clareza-mental\\\/#primaryimage\",\"url\":\"https:\\\/\\\/www.mindself.com.br\\\/wp-content\\\/uploads\\\/2025\\\/12\\\/Capa-Blog-2.png\",\"contentUrl\":\"https:\\\/\\\/www.mindself.com.br\\\/wp-content\\\/uploads\\\/2025\\\/12\\\/Capa-Blog-2.png\",\"width\":768,\"height\":513},{\"@type\":\"BreadcrumbList\",\"@id\":\"https:\\\/\\\/www.mindself.com.br\\\/post\\\/ambientes-que-protegem-a-sua-mente-o-impacto-do-lugar-onde-voce-trabalha-na-sua-clareza-mental\\\/#breadcrumb\",\"itemListElement\":[{\"@type\":\"ListItem\",\"position\":1,\"name\":\"In\u00edcio\",\"item\":\"https:\\\/\\\/www.mindself.com.br\\\/\"},{\"@type\":\"ListItem\",\"position\":2,\"name\":\"Ambientes que protegem a sua mente: o impacto do lugar onde voc\u00ea trabalha na sua clareza mental\"}]},{\"@type\":\"WebSite\",\"@id\":\"https:\\\/\\\/www.mindself.com.br\\\/en\\\/#website\",\"url\":\"https:\\\/\\\/www.mindself.com.br\\\/en\\\/\",\"name\":\"MINDSELF\",\"description\":\"\",\"publisher\":{\"@id\":\"https:\\\/\\\/www.mindself.com.br\\\/en\\\/#organization\"},\"potentialAction\":[{\"@type\":\"SearchAction\",\"target\":{\"@type\":\"EntryPoint\",\"urlTemplate\":\"https:\\\/\\\/www.mindself.com.br\\\/en\\\/?s={search_term_string}\"},\"query-input\":{\"@type\":\"PropertyValueSpecification\",\"valueRequired\":true,\"valueName\":\"search_term_string\"}}],\"inLanguage\":\"en-US\"},{\"@type\":\"Organization\",\"@id\":\"https:\\\/\\\/www.mindself.com.br\\\/en\\\/#organization\",\"name\":\"MINDSELF\",\"url\":\"https:\\\/\\\/www.mindself.com.br\\\/en\\\/\",\"logo\":{\"@type\":\"ImageObject\",\"inLanguage\":\"en-US\",\"@id\":\"https:\\\/\\\/www.mindself.com.br\\\/en\\\/#\\\/schema\\\/logo\\\/image\\\/\",\"url\":\"https:\\\/\\\/www.mindself.com.br\\\/wp-content\\\/uploads\\\/2018\\\/09\\\/frame-164451.png\",\"contentUrl\":\"https:\\\/\\\/www.mindself.com.br\\\/wp-content\\\/uploads\\\/2018\\\/09\\\/frame-164451.png\",\"width\":306,\"height\":42,\"caption\":\"MINDSELF\"},\"image\":{\"@id\":\"https:\\\/\\\/www.mindself.com.br\\\/en\\\/#\\\/schema\\\/logo\\\/image\\\/\"},\"sameAs\":[\"https:\\\/\\\/www.facebook.com\\\/mindselfmeditacao\",\"https:\\\/\\\/www.instagram.com\\\/mindself_meditacao\\\/\",\"https:\\\/\\\/www.linkedin.com\\\/company\\\/mindself\\\/\"]},{\"@type\":\"Person\",\"@id\":\"https:\\\/\\\/www.mindself.com.br\\\/en\\\/#\\\/schema\\\/person\\\/d8ea7fc80af2d90500301ba24d7a909f\",\"name\":\"Paulo Henrique Campos\",\"sameAs\":[\"http:\\\/\\\/www.mindself.com.br\"],\"url\":\"https:\\\/\\\/www.mindself.com.br\\\/en\\\/post\\\/author\\\/paulo-henrique\\\/\"}]}<\/script>\n<!-- \/ Yoast SEO plugin. -->","yoast_head_json":{"title":"Ambientes que protegem a sua mente: o impacto do lugar onde voc\u00ea trabalha na sua clareza mental - MINDSELF","description":"Neste artigo trataremos sobre \"Ambientes que protegem a sua mente: o impacto do lugar onde voc\u00ea trabalha na sua clareza mental\" atrav\u00e9s da vis\u00e3o de praticantes de medita\u00e7\u00e3o e especialistas em desenvolvimento pessoal. Leia mais!","robots":{"index":"index","follow":"follow","max-snippet":"max-snippet:-1","max-image-preview":"max-image-preview:large","max-video-preview":"max-video-preview:-1"},"canonical":"https:\/\/www.mindself.com.br\/en\/post\/ambientes-que-protegem-a-sua-mente-o-impacto-do-lugar-onde-voce-trabalha-na-sua-clareza-mental\/","og_locale":"en_US","og_type":"article","og_title":"Ambientes que protegem a sua mente: o impacto do lugar onde voc\u00ea trabalha na sua clareza mental - MINDSELF","og_description":"Neste artigo trataremos sobre \"Ambientes que protegem a sua mente: o impacto do lugar onde voc\u00ea trabalha na sua clareza mental\" atrav\u00e9s da vis\u00e3o de praticantes de medita\u00e7\u00e3o e especialistas em desenvolvimento pessoal. Leia mais!","og_url":"https:\/\/www.mindself.com.br\/en\/post\/ambientes-que-protegem-a-sua-mente-o-impacto-do-lugar-onde-voce-trabalha-na-sua-clareza-mental\/","og_site_name":"MINDSELF","article_publisher":"https:\/\/www.facebook.com\/mindselfmeditacao","article_published_time":"2025-12-05T13:00:49+00:00","og_image":[{"width":768,"height":513,"url":"https:\/\/www.mindself.com.br\/wp-content\/uploads\/2025\/12\/Capa-Blog-2.png","type":"image\/png"}],"author":"Paulo Henrique Campos","twitter_card":"summary_large_image","twitter_misc":{"Written by":"Paulo Henrique Campos","Est. reading time":"2 minutes"},"schema":{"@context":"https:\/\/schema.org","@graph":[{"@type":"Article","@id":"https:\/\/www.mindself.com.br\/post\/ambientes-que-protegem-a-sua-mente-o-impacto-do-lugar-onde-voce-trabalha-na-sua-clareza-mental\/#article","isPartOf":{"@id":"https:\/\/www.mindself.com.br\/post\/ambientes-que-protegem-a-sua-mente-o-impacto-do-lugar-onde-voce-trabalha-na-sua-clareza-mental\/"},"author":{"name":"Paulo Henrique Campos","@id":"https:\/\/www.mindself.com.br\/en\/#\/schema\/person\/d8ea7fc80af2d90500301ba24d7a909f"},"headline":"Ambientes que protegem a sua mente: o impacto do lugar onde voc\u00ea trabalha na sua clareza mental","datePublished":"2025-12-05T13:00:49+00:00","mainEntityOfPage":{"@id":"https:\/\/www.mindself.com.br\/post\/ambientes-que-protegem-a-sua-mente-o-impacto-do-lugar-onde-voce-trabalha-na-sua-clareza-mental\/"},"wordCount":468,"publisher":{"@id":"https:\/\/www.mindself.com.br\/en\/#organization"},"image":{"@id":"https:\/\/www.mindself.com.br\/post\/ambientes-que-protegem-a-sua-mente-o-impacto-do-lugar-onde-voce-trabalha-na-sua-clareza-mental\/#primaryimage"},"thumbnailUrl":"https:\/\/www.mindself.com.br\/wp-content\/uploads\/2025\/12\/Capa-Blog-2.png","keywords":["mindfulness","saudemental","trabalho","work"],"inLanguage":"en-US"},{"@type":"WebPage","@id":"https:\/\/www.mindself.com.br\/post\/ambientes-que-protegem-a-sua-mente-o-impacto-do-lugar-onde-voce-trabalha-na-sua-clareza-mental\/","url":"https:\/\/www.mindself.com.br\/post\/ambientes-que-protegem-a-sua-mente-o-impacto-do-lugar-onde-voce-trabalha-na-sua-clareza-mental\/","name":"Ambientes que protegem a sua mente: o impacto do lugar onde voc\u00ea trabalha na sua clareza mental - MINDSELF","isPartOf":{"@id":"https:\/\/www.mindself.com.br\/en\/#website"},"primaryImageOfPage":{"@id":"https:\/\/www.mindself.com.br\/post\/ambientes-que-protegem-a-sua-mente-o-impacto-do-lugar-onde-voce-trabalha-na-sua-clareza-mental\/#primaryimage"},"image":{"@id":"https:\/\/www.mindself.com.br\/post\/ambientes-que-protegem-a-sua-mente-o-impacto-do-lugar-onde-voce-trabalha-na-sua-clareza-mental\/#primaryimage"},"thumbnailUrl":"https:\/\/www.mindself.com.br\/wp-content\/uploads\/2025\/12\/Capa-Blog-2.png","datePublished":"2025-12-05T13:00:49+00:00","description":"Neste artigo trataremos sobre \"Ambientes que protegem a sua mente: o impacto do lugar onde voc\u00ea trabalha na sua clareza mental\" atrav\u00e9s da vis\u00e3o de praticantes de medita\u00e7\u00e3o e especialistas em desenvolvimento pessoal. Leia mais!","breadcrumb":{"@id":"https:\/\/www.mindself.com.br\/post\/ambientes-que-protegem-a-sua-mente-o-impacto-do-lugar-onde-voce-trabalha-na-sua-clareza-mental\/#breadcrumb"},"inLanguage":"en-US","potentialAction":[{"@type":"ReadAction","target":["https:\/\/www.mindself.com.br\/post\/ambientes-que-protegem-a-sua-mente-o-impacto-do-lugar-onde-voce-trabalha-na-sua-clareza-mental\/"]}]},{"@type":"ImageObject","inLanguage":"en-US","@id":"https:\/\/www.mindself.com.br\/post\/ambientes-que-protegem-a-sua-mente-o-impacto-do-lugar-onde-voce-trabalha-na-sua-clareza-mental\/#primaryimage","url":"https:\/\/www.mindself.com.br\/wp-content\/uploads\/2025\/12\/Capa-Blog-2.png","contentUrl":"https:\/\/www.mindself.com.br\/wp-content\/uploads\/2025\/12\/Capa-Blog-2.png","width":768,"height":513},{"@type":"BreadcrumbList","@id":"https:\/\/www.mindself.com.br\/post\/ambientes-que-protegem-a-sua-mente-o-impacto-do-lugar-onde-voce-trabalha-na-sua-clareza-mental\/#breadcrumb","itemListElement":[{"@type":"ListItem","position":1,"name":"In\u00edcio","item":"https:\/\/www.mindself.com.br\/"},{"@type":"ListItem","position":2,"name":"Ambientes que protegem a sua mente: o impacto do lugar onde voc\u00ea trabalha na sua clareza mental"}]},{"@type":"WebSite","@id":"https:\/\/www.mindself.com.br\/en\/#website","url":"https:\/\/www.mindself.com.br\/en\/","name":"MINDSELF","description":"","publisher":{"@id":"https:\/\/www.mindself.com.br\/en\/#organization"},"potentialAction":[{"@type":"SearchAction","target":{"@type":"EntryPoint","urlTemplate":"https:\/\/www.mindself.com.br\/en\/?s={search_term_string}"},"query-input":{"@type":"PropertyValueSpecification","valueRequired":true,"valueName":"search_term_string"}}],"inLanguage":"en-US"},{"@type":"Organization","@id":"https:\/\/www.mindself.com.br\/en\/#organization","name":"MINDSELF","url":"https:\/\/www.mindself.com.br\/en\/","logo":{"@type":"ImageObject","inLanguage":"en-US","@id":"https:\/\/www.mindself.com.br\/en\/#\/schema\/logo\/image\/","url":"https:\/\/www.mindself.com.br\/wp-content\/uploads\/2018\/09\/frame-164451.png","contentUrl":"https:\/\/www.mindself.com.br\/wp-content\/uploads\/2018\/09\/frame-164451.png","width":306,"height":42,"caption":"MINDSELF"},"image":{"@id":"https:\/\/www.mindself.com.br\/en\/#\/schema\/logo\/image\/"},"sameAs":["https:\/\/www.facebook.com\/mindselfmeditacao","https:\/\/www.instagram.com\/mindself_meditacao\/","https:\/\/www.linkedin.com\/company\/mindself\/"]},{"@type":"Person","@id":"https:\/\/www.mindself.com.br\/en\/#\/schema\/person\/d8ea7fc80af2d90500301ba24d7a909f","name":"Paulo Henrique Campos","sameAs":["http:\/\/www.mindself.com.br"],"url":"https:\/\/www.mindself.com.br\/en\/post\/author\/paulo-henrique\/"}]}},"_links":{"self":[{"href":"https:\/\/www.mindself.com.br\/en\/wp-json\/wp\/v2\/posts\/4055","targetHints":{"allow":["GET"]}}],"collection":[{"href":"https:\/\/www.mindself.com.br\/en\/wp-json\/wp\/v2\/posts"}],"about":[{"href":"https:\/\/www.mindself.com.br\/en\/wp-json\/wp\/v2\/types\/post"}],"author":[{"embeddable":true,"href":"https:\/\/www.mindself.com.br\/en\/wp-json\/wp\/v2\/users\/23"}],"replies":[{"embeddable":true,"href":"https:\/\/www.mindself.com.br\/en\/wp-json\/wp\/v2\/comments?post=4055"}],"version-history":[{"count":1,"href":"https:\/\/www.mindself.com.br\/en\/wp-json\/wp\/v2\/posts\/4055\/revisions"}],"predecessor-version":[{"id":4057,"href":"https:\/\/www.mindself.com.br\/en\/wp-json\/wp\/v2\/posts\/4055\/revisions\/4057"}],"wp:featuredmedia":[{"embeddable":true,"href":"https:\/\/www.mindself.com.br\/en\/wp-json\/wp\/v2\/media\/4056"}],"wp:attachment":[{"href":"https:\/\/www.mindself.com.br\/en\/wp-json\/wp\/v2\/media?parent=4055"}],"wp:term":[{"taxonomy":"category","embeddable":true,"href":"https:\/\/www.mindself.com.br\/en\/wp-json\/wp\/v2\/categories?post=4055"},{"taxonomy":"post_tag","embeddable":true,"href":"https:\/\/www.mindself.com.br\/en\/wp-json\/wp\/v2\/tags?post=4055"}],"curies":[{"name":"wp","href":"https:\/\/api.w.org\/{rel}","templated":true}]}}