{"id":3798,"date":"2024-05-02T11:19:52","date_gmt":"2024-05-02T14:19:52","guid":{"rendered":"https:\/\/www.mindself.com.br\/?p=3798"},"modified":"2024-05-02T11:22:01","modified_gmt":"2024-05-02T14:22:01","slug":"equilibrando-trabalho-e-saude-mental-reflexoes-para-o-mes-do-trabalho","status":"publish","type":"post","link":"https:\/\/www.mindself.com.br\/en\/post\/equilibrando-trabalho-e-saude-mental-reflexoes-para-o-mes-do-trabalho\/","title":{"rendered":"Equilibrando Trabalho e Sa\u00fade Mental: Reflex\u00f5es para o m\u00eas do Trabalho"},"content":{"rendered":"<p><span data-contrast=\"auto\">Enquanto celebramos o <strong>Dia Internacional do Trabalho<\/strong>, somos convidados a olhar para al\u00e9m das comemora\u00e7\u00f5es e a considerar profundamente o significado subjacente a esta data. N\u00e3o \u00e9 apenas um momento para reconhecer as contribui\u00e7\u00f5es dos trabalhadores ao redor do mundo, mas tamb\u00e9m para examinar cuidadosamente como o equil\u00edbrio entre trabalho e sa\u00fade mental desempenha um papel fundamental em nossas vidas.<\/span><span data-ccp-props=\"{&quot;201341983&quot;:0,&quot;335559739&quot;:160,&quot;335559740&quot;:259}\">\u00a0<\/span><\/p>\n<p><span data-contrast=\"auto\">Em um mundo onde a cultura do trabalho muitas vezes glorifica a ideia de &#8220;mais \u00e9 mais&#8221;, \u00e9 f\u00e1cil cair na armadilha de acreditar que o sucesso profissional vem apenas atrav\u00e9s do esfor\u00e7o incessante e da dedica\u00e7\u00e3o extrema. No entanto, \u00e0 medida que nos esfor\u00e7amos para alcan\u00e7ar nossos objetivos, \u00e9 essencial lembrar que nosso bem-estar f\u00edsico, mental e emocional \u00e9 t\u00e3o importante quanto qualquer conquista profissional.<\/span><span data-ccp-props=\"{&quot;201341983&quot;:0,&quot;335559739&quot;:160,&quot;335559740&quot;:259}\">\u00a0<\/span><\/p>\n<p><span data-contrast=\"auto\">\u00c9 essencial reconhecer que o sucesso no trabalho n\u00e3o deve vir \u00e0 custa de nossa sa\u00fade mental. Ao contr\u00e1rio, a verdadeira realiza\u00e7\u00e3o profissional s\u00f3 pode ser alcan\u00e7ada quando mantemos um equil\u00edbrio saud\u00e1vel entre nossas responsabilidades profissionais e o cuidado com nosso bem-estar emocional. Isso significa aprender a estabelecer limites, a dizer n\u00e3o quando necess\u00e1rio e a priorizar o autocuidado.<\/span><span data-ccp-props=\"{&quot;201341983&quot;:0,&quot;335559739&quot;:160,&quot;335559740&quot;:259}\">\u00a0<\/span><\/p>\n<p><span data-contrast=\"auto\">Um aspecto crucial desse equil\u00edbrio \u00e9 a cria\u00e7\u00e3o de espa\u00e7os de trabalho que promovam um ambiente saud\u00e1vel para a sa\u00fade mental. Isso envolve n\u00e3o apenas pol\u00edticas de apoio aos funcion\u00e1rios, como licen\u00e7as m\u00e9dicas e programas de bem-estar, mas tamb\u00e9m uma cultura organizacional que valoriza o equil\u00edbrio entre trabalho e vida pessoal. Quando nos sentimos apoiados e valorizados em nosso local de trabalho, somos mais capazes de enfrentar os desafios profissionais com clareza mental e resili\u00eancia emocional.<\/span><span data-ccp-props=\"{&quot;201341983&quot;:0,&quot;335559739&quot;:160,&quot;335559740&quot;:259}\">\u00a0<\/span><\/p>\n<p><span data-contrast=\"auto\">Al\u00e9m disso, devemos lembrar que o cuidado com nossa sa\u00fade mental vai al\u00e9m do ambiente de trabalho. Envolve tamb\u00e9m cultivar h\u00e1bitos saud\u00e1veis em nossa vida cotidiana, como exerc\u00edcio regular, alimenta\u00e7\u00e3o balanceada, sono adequado e pr\u00e1ticas de autocuidado, como praticar medita\u00e7\u00e3o e mindfulness no dia a dia. Ao priorizarmos nosso pr\u00f3prio bem-estar, estamos investindo em nossa capacidade de enfrentar os desafios do trabalho com uma perspectiva equilibrada e uma mente saud\u00e1vel.<\/span><span data-ccp-props=\"{&quot;201341983&quot;:0,&quot;335559739&quot;:160,&quot;335559740&quot;:259}\">\u00a0<\/span><\/p>\n<p><span data-contrast=\"auto\">\u00c0 medida que celebramos, renovamos nosso compromisso de n\u00e3o apenas buscar o sucesso profissional, mas tamb\u00e9m de cuidar de nossa sa\u00fade mental ao longo do caminho. Vamos reconhecer que encontrar um equil\u00edbrio entre trabalho e bem-estar emocional \u00e9 uma jornada cont\u00ednua, uma jornada que vale a pena cada esfor\u00e7o dedicado a ela. E, acima de tudo, vamos nos lembrar de que, ao cuidarmos de n\u00f3s mesmos, estamos nos capacitando n\u00e3o apenas como trabalhadores, mas como seres humanos completos e saud\u00e1veis.<\/span><span data-ccp-props=\"{&quot;201341983&quot;:0,&quot;335559739&quot;:160,&quot;335559740&quot;:259}\">\u00a0<\/span><\/p>","protected":false},"excerpt":{"rendered":"<p>Enquanto celebramos o Dia Internacional do Trabalho, somos convidados a olhar para al\u00e9m das comemora\u00e7\u00f5es e a considerar profundamente o significado subjacente a esta data. N\u00e3o \u00e9 apenas um momento para reconhecer as contribui\u00e7\u00f5es dos trabalhadores ao redor do mundo, mas tamb\u00e9m para examinar cuidadosamente como o equil\u00edbrio entre trabalho e sa\u00fade mental desempenha um [&hellip;]<\/p>\n","protected":false},"author":23,"featured_media":3799,"comment_status":"closed","ping_status":"closed","sticky":false,"template":"","format":"standard","meta":{"footnotes":""},"categories":[1],"tags":[131,58,28,114,132,133],"class_list":["post-3798","post","type-post","status-publish","format-standard","has-post-thumbnail","hentry","category-uncategorized","tag-diadotrabalho","tag-equilibrio","tag-saude","tag-saudemental","tag-vidapessoal","tag-vidaprofissional"],"yoast_head":"<!-- This site is optimized with the Yoast SEO plugin v27.4 - https:\/\/yoast.com\/product\/yoast-seo-wordpress\/ -->\n<title>Equilibrando Trabalho e Sa\u00fade Mental: Reflex\u00f5es para o m\u00eas do Trabalho - MINDSELF<\/title>\n<meta name=\"description\" content=\"Neste artigo trataremos sobre &quot;Equilibrando Trabalho e Sa\u00fade Mental: Reflex\u00f5es para o m\u00eas do Trabalho&quot; atrav\u00e9s da vis\u00e3o de praticantes de medita\u00e7\u00e3o e especialistas em desenvolvimento pessoal. Leia mais!\" \/>\n<meta name=\"robots\" content=\"index, follow, max-snippet:-1, max-image-preview:large, max-video-preview:-1\" \/>\n<link rel=\"canonical\" href=\"https:\/\/www.mindself.com.br\/en\/post\/equilibrando-trabalho-e-saude-mental-reflexoes-para-o-mes-do-trabalho\/\" \/>\n<meta property=\"og:locale\" content=\"en_US\" \/>\n<meta property=\"og:type\" content=\"article\" \/>\n<meta property=\"og:title\" content=\"Equilibrando Trabalho e Sa\u00fade Mental: Reflex\u00f5es para o m\u00eas do Trabalho - MINDSELF\" \/>\n<meta property=\"og:description\" content=\"Neste artigo trataremos sobre &quot;Equilibrando Trabalho e Sa\u00fade Mental: Reflex\u00f5es para o m\u00eas do Trabalho&quot; atrav\u00e9s da vis\u00e3o de praticantes de medita\u00e7\u00e3o e especialistas em desenvolvimento pessoal. Leia mais!\" \/>\n<meta property=\"og:url\" content=\"https:\/\/www.mindself.com.br\/en\/post\/equilibrando-trabalho-e-saude-mental-reflexoes-para-o-mes-do-trabalho\/\" \/>\n<meta property=\"og:site_name\" content=\"MINDSELF\" \/>\n<meta property=\"article:publisher\" content=\"https:\/\/www.facebook.com\/mindselfmeditacao\" \/>\n<meta property=\"article:published_time\" content=\"2024-05-02T14:19:52+00:00\" \/>\n<meta property=\"article:modified_time\" content=\"2024-05-02T14:22:01+00:00\" \/>\n<meta property=\"og:image\" content=\"https:\/\/www.mindself.com.br\/wp-content\/uploads\/2024\/05\/Capa-Blog.jpg\" \/>\n\t<meta property=\"og:image:width\" content=\"768\" \/>\n\t<meta property=\"og:image:height\" content=\"513\" \/>\n\t<meta property=\"og:image:type\" content=\"image\/jpeg\" \/>\n<meta name=\"author\" content=\"Paulo Henrique Campos\" \/>\n<meta name=\"twitter:card\" content=\"summary_large_image\" \/>\n<meta name=\"twitter:label1\" content=\"Written by\" \/>\n\t<meta name=\"twitter:data1\" content=\"Paulo Henrique Campos\" \/>\n\t<meta name=\"twitter:label2\" content=\"Est. reading time\" \/>\n\t<meta name=\"twitter:data2\" content=\"2 minutes\" \/>\n<script type=\"application\/ld+json\" class=\"yoast-schema-graph\">{\"@context\":\"https:\\\/\\\/schema.org\",\"@graph\":[{\"@type\":\"Article\",\"@id\":\"https:\\\/\\\/www.mindself.com.br\\\/post\\\/equilibrando-trabalho-e-saude-mental-reflexoes-para-o-mes-do-trabalho\\\/#article\",\"isPartOf\":{\"@id\":\"https:\\\/\\\/www.mindself.com.br\\\/post\\\/equilibrando-trabalho-e-saude-mental-reflexoes-para-o-mes-do-trabalho\\\/\"},\"author\":{\"name\":\"Paulo Henrique Campos\",\"@id\":\"https:\\\/\\\/www.mindself.com.br\\\/en\\\/#\\\/schema\\\/person\\\/96f7080b6333f5d0180fc7d33d599d0a\"},\"headline\":\"Equilibrando Trabalho e Sa\u00fade Mental: Reflex\u00f5es para o m\u00eas do Trabalho\",\"datePublished\":\"2024-05-02T14:19:52+00:00\",\"dateModified\":\"2024-05-02T14:22:01+00:00\",\"mainEntityOfPage\":{\"@id\":\"https:\\\/\\\/www.mindself.com.br\\\/post\\\/equilibrando-trabalho-e-saude-mental-reflexoes-para-o-mes-do-trabalho\\\/\"},\"wordCount\":472,\"publisher\":{\"@id\":\"https:\\\/\\\/www.mindself.com.br\\\/en\\\/#organization\"},\"image\":{\"@id\":\"https:\\\/\\\/www.mindself.com.br\\\/post\\\/equilibrando-trabalho-e-saude-mental-reflexoes-para-o-mes-do-trabalho\\\/#primaryimage\"},\"thumbnailUrl\":\"https:\\\/\\\/www.mindself.com.br\\\/wp-content\\\/uploads\\\/2024\\\/05\\\/Capa-Blog.jpg\",\"keywords\":[\"diadotrabalho\",\"equil\u00edbrio\",\"saude\",\"saudemental\",\"vidapessoal\",\"vidaprofissional\"],\"inLanguage\":\"en-US\"},{\"@type\":\"WebPage\",\"@id\":\"https:\\\/\\\/www.mindself.com.br\\\/post\\\/equilibrando-trabalho-e-saude-mental-reflexoes-para-o-mes-do-trabalho\\\/\",\"url\":\"https:\\\/\\\/www.mindself.com.br\\\/post\\\/equilibrando-trabalho-e-saude-mental-reflexoes-para-o-mes-do-trabalho\\\/\",\"name\":\"Equilibrando Trabalho e Sa\u00fade Mental: Reflex\u00f5es para o m\u00eas do Trabalho - MINDSELF\",\"isPartOf\":{\"@id\":\"https:\\\/\\\/www.mindself.com.br\\\/en\\\/#website\"},\"primaryImageOfPage\":{\"@id\":\"https:\\\/\\\/www.mindself.com.br\\\/post\\\/equilibrando-trabalho-e-saude-mental-reflexoes-para-o-mes-do-trabalho\\\/#primaryimage\"},\"image\":{\"@id\":\"https:\\\/\\\/www.mindself.com.br\\\/post\\\/equilibrando-trabalho-e-saude-mental-reflexoes-para-o-mes-do-trabalho\\\/#primaryimage\"},\"thumbnailUrl\":\"https:\\\/\\\/www.mindself.com.br\\\/wp-content\\\/uploads\\\/2024\\\/05\\\/Capa-Blog.jpg\",\"datePublished\":\"2024-05-02T14:19:52+00:00\",\"dateModified\":\"2024-05-02T14:22:01+00:00\",\"description\":\"Neste artigo trataremos sobre \\\"Equilibrando Trabalho e Sa\u00fade Mental: Reflex\u00f5es para o m\u00eas do Trabalho\\\" atrav\u00e9s da vis\u00e3o de praticantes de medita\u00e7\u00e3o e especialistas em desenvolvimento pessoal. Leia mais!\",\"breadcrumb\":{\"@id\":\"https:\\\/\\\/www.mindself.com.br\\\/post\\\/equilibrando-trabalho-e-saude-mental-reflexoes-para-o-mes-do-trabalho\\\/#breadcrumb\"},\"inLanguage\":\"en-US\",\"potentialAction\":[{\"@type\":\"ReadAction\",\"target\":[\"https:\\\/\\\/www.mindself.com.br\\\/post\\\/equilibrando-trabalho-e-saude-mental-reflexoes-para-o-mes-do-trabalho\\\/\"]}]},{\"@type\":\"ImageObject\",\"inLanguage\":\"en-US\",\"@id\":\"https:\\\/\\\/www.mindself.com.br\\\/post\\\/equilibrando-trabalho-e-saude-mental-reflexoes-para-o-mes-do-trabalho\\\/#primaryimage\",\"url\":\"https:\\\/\\\/www.mindself.com.br\\\/wp-content\\\/uploads\\\/2024\\\/05\\\/Capa-Blog.jpg\",\"contentUrl\":\"https:\\\/\\\/www.mindself.com.br\\\/wp-content\\\/uploads\\\/2024\\\/05\\\/Capa-Blog.jpg\",\"width\":768,\"height\":513},{\"@type\":\"BreadcrumbList\",\"@id\":\"https:\\\/\\\/www.mindself.com.br\\\/post\\\/equilibrando-trabalho-e-saude-mental-reflexoes-para-o-mes-do-trabalho\\\/#breadcrumb\",\"itemListElement\":[{\"@type\":\"ListItem\",\"position\":1,\"name\":\"In\u00edcio\",\"item\":\"https:\\\/\\\/www.mindself.com.br\\\/\"},{\"@type\":\"ListItem\",\"position\":2,\"name\":\"Equilibrando Trabalho e Sa\u00fade Mental: Reflex\u00f5es para o m\u00eas do Trabalho\"}]},{\"@type\":\"WebSite\",\"@id\":\"https:\\\/\\\/www.mindself.com.br\\\/en\\\/#website\",\"url\":\"https:\\\/\\\/www.mindself.com.br\\\/en\\\/\",\"name\":\"MINDSELF\",\"description\":\"\",\"publisher\":{\"@id\":\"https:\\\/\\\/www.mindself.com.br\\\/en\\\/#organization\"},\"potentialAction\":[{\"@type\":\"SearchAction\",\"target\":{\"@type\":\"EntryPoint\",\"urlTemplate\":\"https:\\\/\\\/www.mindself.com.br\\\/en\\\/?s={search_term_string}\"},\"query-input\":{\"@type\":\"PropertyValueSpecification\",\"valueRequired\":true,\"valueName\":\"search_term_string\"}}],\"inLanguage\":\"en-US\"},{\"@type\":\"Organization\",\"@id\":\"https:\\\/\\\/www.mindself.com.br\\\/en\\\/#organization\",\"name\":\"MINDSELF\",\"url\":\"https:\\\/\\\/www.mindself.com.br\\\/en\\\/\",\"logo\":{\"@type\":\"ImageObject\",\"inLanguage\":\"en-US\",\"@id\":\"https:\\\/\\\/www.mindself.com.br\\\/en\\\/#\\\/schema\\\/logo\\\/image\\\/\",\"url\":\"https:\\\/\\\/www.mindself.com.br\\\/wp-content\\\/uploads\\\/2018\\\/09\\\/frame-164451.png\",\"contentUrl\":\"https:\\\/\\\/www.mindself.com.br\\\/wp-content\\\/uploads\\\/2018\\\/09\\\/frame-164451.png\",\"width\":306,\"height\":42,\"caption\":\"MINDSELF\"},\"image\":{\"@id\":\"https:\\\/\\\/www.mindself.com.br\\\/en\\\/#\\\/schema\\\/logo\\\/image\\\/\"},\"sameAs\":[\"https:\\\/\\\/www.facebook.com\\\/mindselfmeditacao\",\"https:\\\/\\\/www.instagram.com\\\/mindself_meditacao\\\/\",\"https:\\\/\\\/www.linkedin.com\\\/company\\\/mindself\\\/\"]},{\"@type\":\"Person\",\"@id\":\"https:\\\/\\\/www.mindself.com.br\\\/en\\\/#\\\/schema\\\/person\\\/96f7080b6333f5d0180fc7d33d599d0a\",\"name\":\"Paulo Henrique Campos\",\"sameAs\":[\"http:\\\/\\\/www.mindself.com.br\"],\"url\":\"https:\\\/\\\/www.mindself.com.br\\\/en\\\/post\\\/author\\\/paulo-henrique\\\/\"}]}<\/script>\n<!-- \/ Yoast SEO plugin. -->","yoast_head_json":{"title":"Equilibrando Trabalho e Sa\u00fade Mental: Reflex\u00f5es para o m\u00eas do Trabalho - MINDSELF","description":"Neste artigo trataremos sobre \"Equilibrando Trabalho e Sa\u00fade Mental: Reflex\u00f5es para o m\u00eas do Trabalho\" atrav\u00e9s da vis\u00e3o de praticantes de medita\u00e7\u00e3o e especialistas em desenvolvimento pessoal. Leia mais!","robots":{"index":"index","follow":"follow","max-snippet":"max-snippet:-1","max-image-preview":"max-image-preview:large","max-video-preview":"max-video-preview:-1"},"canonical":"https:\/\/www.mindself.com.br\/en\/post\/equilibrando-trabalho-e-saude-mental-reflexoes-para-o-mes-do-trabalho\/","og_locale":"en_US","og_type":"article","og_title":"Equilibrando Trabalho e Sa\u00fade Mental: Reflex\u00f5es para o m\u00eas do Trabalho - MINDSELF","og_description":"Neste artigo trataremos sobre \"Equilibrando Trabalho e Sa\u00fade Mental: Reflex\u00f5es para o m\u00eas do Trabalho\" atrav\u00e9s da vis\u00e3o de praticantes de medita\u00e7\u00e3o e especialistas em desenvolvimento pessoal. Leia mais!","og_url":"https:\/\/www.mindself.com.br\/en\/post\/equilibrando-trabalho-e-saude-mental-reflexoes-para-o-mes-do-trabalho\/","og_site_name":"MINDSELF","article_publisher":"https:\/\/www.facebook.com\/mindselfmeditacao","article_published_time":"2024-05-02T14:19:52+00:00","article_modified_time":"2024-05-02T14:22:01+00:00","og_image":[{"width":768,"height":513,"url":"https:\/\/www.mindself.com.br\/wp-content\/uploads\/2024\/05\/Capa-Blog.jpg","type":"image\/jpeg"}],"author":"Paulo Henrique Campos","twitter_card":"summary_large_image","twitter_misc":{"Written by":"Paulo Henrique Campos","Est. reading time":"2 minutes"},"schema":{"@context":"https:\/\/schema.org","@graph":[{"@type":"Article","@id":"https:\/\/www.mindself.com.br\/post\/equilibrando-trabalho-e-saude-mental-reflexoes-para-o-mes-do-trabalho\/#article","isPartOf":{"@id":"https:\/\/www.mindself.com.br\/post\/equilibrando-trabalho-e-saude-mental-reflexoes-para-o-mes-do-trabalho\/"},"author":{"name":"Paulo Henrique Campos","@id":"https:\/\/www.mindself.com.br\/en\/#\/schema\/person\/96f7080b6333f5d0180fc7d33d599d0a"},"headline":"Equilibrando Trabalho e Sa\u00fade Mental: Reflex\u00f5es para o m\u00eas do Trabalho","datePublished":"2024-05-02T14:19:52+00:00","dateModified":"2024-05-02T14:22:01+00:00","mainEntityOfPage":{"@id":"https:\/\/www.mindself.com.br\/post\/equilibrando-trabalho-e-saude-mental-reflexoes-para-o-mes-do-trabalho\/"},"wordCount":472,"publisher":{"@id":"https:\/\/www.mindself.com.br\/en\/#organization"},"image":{"@id":"https:\/\/www.mindself.com.br\/post\/equilibrando-trabalho-e-saude-mental-reflexoes-para-o-mes-do-trabalho\/#primaryimage"},"thumbnailUrl":"https:\/\/www.mindself.com.br\/wp-content\/uploads\/2024\/05\/Capa-Blog.jpg","keywords":["diadotrabalho","equil\u00edbrio","saude","saudemental","vidapessoal","vidaprofissional"],"inLanguage":"en-US"},{"@type":"WebPage","@id":"https:\/\/www.mindself.com.br\/post\/equilibrando-trabalho-e-saude-mental-reflexoes-para-o-mes-do-trabalho\/","url":"https:\/\/www.mindself.com.br\/post\/equilibrando-trabalho-e-saude-mental-reflexoes-para-o-mes-do-trabalho\/","name":"Equilibrando Trabalho e Sa\u00fade Mental: Reflex\u00f5es para o m\u00eas do Trabalho - MINDSELF","isPartOf":{"@id":"https:\/\/www.mindself.com.br\/en\/#website"},"primaryImageOfPage":{"@id":"https:\/\/www.mindself.com.br\/post\/equilibrando-trabalho-e-saude-mental-reflexoes-para-o-mes-do-trabalho\/#primaryimage"},"image":{"@id":"https:\/\/www.mindself.com.br\/post\/equilibrando-trabalho-e-saude-mental-reflexoes-para-o-mes-do-trabalho\/#primaryimage"},"thumbnailUrl":"https:\/\/www.mindself.com.br\/wp-content\/uploads\/2024\/05\/Capa-Blog.jpg","datePublished":"2024-05-02T14:19:52+00:00","dateModified":"2024-05-02T14:22:01+00:00","description":"Neste artigo trataremos sobre \"Equilibrando Trabalho e Sa\u00fade Mental: Reflex\u00f5es para o m\u00eas do Trabalho\" atrav\u00e9s da vis\u00e3o de praticantes de medita\u00e7\u00e3o e especialistas em desenvolvimento pessoal. Leia mais!","breadcrumb":{"@id":"https:\/\/www.mindself.com.br\/post\/equilibrando-trabalho-e-saude-mental-reflexoes-para-o-mes-do-trabalho\/#breadcrumb"},"inLanguage":"en-US","potentialAction":[{"@type":"ReadAction","target":["https:\/\/www.mindself.com.br\/post\/equilibrando-trabalho-e-saude-mental-reflexoes-para-o-mes-do-trabalho\/"]}]},{"@type":"ImageObject","inLanguage":"en-US","@id":"https:\/\/www.mindself.com.br\/post\/equilibrando-trabalho-e-saude-mental-reflexoes-para-o-mes-do-trabalho\/#primaryimage","url":"https:\/\/www.mindself.com.br\/wp-content\/uploads\/2024\/05\/Capa-Blog.jpg","contentUrl":"https:\/\/www.mindself.com.br\/wp-content\/uploads\/2024\/05\/Capa-Blog.jpg","width":768,"height":513},{"@type":"BreadcrumbList","@id":"https:\/\/www.mindself.com.br\/post\/equilibrando-trabalho-e-saude-mental-reflexoes-para-o-mes-do-trabalho\/#breadcrumb","itemListElement":[{"@type":"ListItem","position":1,"name":"In\u00edcio","item":"https:\/\/www.mindself.com.br\/"},{"@type":"ListItem","position":2,"name":"Equilibrando Trabalho e Sa\u00fade Mental: Reflex\u00f5es para o m\u00eas do Trabalho"}]},{"@type":"WebSite","@id":"https:\/\/www.mindself.com.br\/en\/#website","url":"https:\/\/www.mindself.com.br\/en\/","name":"MINDSELF","description":"","publisher":{"@id":"https:\/\/www.mindself.com.br\/en\/#organization"},"potentialAction":[{"@type":"SearchAction","target":{"@type":"EntryPoint","urlTemplate":"https:\/\/www.mindself.com.br\/en\/?s={search_term_string}"},"query-input":{"@type":"PropertyValueSpecification","valueRequired":true,"valueName":"search_term_string"}}],"inLanguage":"en-US"},{"@type":"Organization","@id":"https:\/\/www.mindself.com.br\/en\/#organization","name":"MINDSELF","url":"https:\/\/www.mindself.com.br\/en\/","logo":{"@type":"ImageObject","inLanguage":"en-US","@id":"https:\/\/www.mindself.com.br\/en\/#\/schema\/logo\/image\/","url":"https:\/\/www.mindself.com.br\/wp-content\/uploads\/2018\/09\/frame-164451.png","contentUrl":"https:\/\/www.mindself.com.br\/wp-content\/uploads\/2018\/09\/frame-164451.png","width":306,"height":42,"caption":"MINDSELF"},"image":{"@id":"https:\/\/www.mindself.com.br\/en\/#\/schema\/logo\/image\/"},"sameAs":["https:\/\/www.facebook.com\/mindselfmeditacao","https:\/\/www.instagram.com\/mindself_meditacao\/","https:\/\/www.linkedin.com\/company\/mindself\/"]},{"@type":"Person","@id":"https:\/\/www.mindself.com.br\/en\/#\/schema\/person\/96f7080b6333f5d0180fc7d33d599d0a","name":"Paulo Henrique Campos","sameAs":["http:\/\/www.mindself.com.br"],"url":"https:\/\/www.mindself.com.br\/en\/post\/author\/paulo-henrique\/"}]}},"_links":{"self":[{"href":"https:\/\/www.mindself.com.br\/en\/wp-json\/wp\/v2\/posts\/3798","targetHints":{"allow":["GET"]}}],"collection":[{"href":"https:\/\/www.mindself.com.br\/en\/wp-json\/wp\/v2\/posts"}],"about":[{"href":"https:\/\/www.mindself.com.br\/en\/wp-json\/wp\/v2\/types\/post"}],"author":[{"embeddable":true,"href":"https:\/\/www.mindself.com.br\/en\/wp-json\/wp\/v2\/users\/23"}],"replies":[{"embeddable":true,"href":"https:\/\/www.mindself.com.br\/en\/wp-json\/wp\/v2\/comments?post=3798"}],"version-history":[{"count":1,"href":"https:\/\/www.mindself.com.br\/en\/wp-json\/wp\/v2\/posts\/3798\/revisions"}],"predecessor-version":[{"id":3800,"href":"https:\/\/www.mindself.com.br\/en\/wp-json\/wp\/v2\/posts\/3798\/revisions\/3800"}],"wp:featuredmedia":[{"embeddable":true,"href":"https:\/\/www.mindself.com.br\/en\/wp-json\/wp\/v2\/media\/3799"}],"wp:attachment":[{"href":"https:\/\/www.mindself.com.br\/en\/wp-json\/wp\/v2\/media?parent=3798"}],"wp:term":[{"taxonomy":"category","embeddable":true,"href":"https:\/\/www.mindself.com.br\/en\/wp-json\/wp\/v2\/categories?post=3798"},{"taxonomy":"post_tag","embeddable":true,"href":"https:\/\/www.mindself.com.br\/en\/wp-json\/wp\/v2\/tags?post=3798"}],"curies":[{"name":"wp","href":"https:\/\/api.w.org\/{rel}","templated":true}]}}