{"id":3712,"date":"2024-02-05T12:42:31","date_gmt":"2024-02-05T15:42:31","guid":{"rendered":"https:\/\/www.mindself.com.br\/?p=3712"},"modified":"2024-02-06T10:48:51","modified_gmt":"2024-02-06T13:48:51","slug":"realidade-virtual-e-saude-mental-uma-espiral-de-isolamento","status":"publish","type":"post","link":"https:\/\/www.mindself.com.br\/en\/post\/realidade-virtual-e-saude-mental-uma-espiral-de-isolamento\/","title":{"rendered":"Realidade Virtual e Sa\u00fade Mental: Uma Espiral de Isolamento?"},"content":{"rendered":"<p>Nesta semana, a Apple lan\u00e7ou o Vision Pro, mergulhando-nos ainda mais fundo no fascinante, por\u00e9m complexo, universo da realidade virtual (VR). Esse avan\u00e7o tecnol\u00f3gico promete revolucionar a maneira como interagimos com o mundo digital, mas nos leva a questionar: estamos emocionalmente preparados para as consequ\u00eancias desse novo isolamento?<\/p>\n<p>Em uma era marcada pelo aumento do adoecimento emocional, onde a ansiedade e a depress\u00e3o caminham lado a lado com o progresso tecnol\u00f3gico, a introdu\u00e7\u00e3o de dispositivos de VR como o Vision Pro pode representar tanto um avan\u00e7o quanto um retrocesso. Com a capacidade de nos fecharmos ainda mais em nossas \u201ctelas privadas\u201d, escolhendo interagir exclusivamente com mundos que n\u00f3s mesmos selecionamos, corremos o risco de aprofundar nosso isolamento social e emocional.<\/p>\n<p>A realidade virtual tem o potencial de criar espa\u00e7os onde a realidade \u00e9 filtrada, editada e, em muitos aspectos, idealizada. Pode-se argumentar que tais espa\u00e7os oferecem uma fuga necess\u00e1ria da dureza do mundo real, proporcionando experi\u00eancias que de outra forma seriam inacess\u00edveis. No entanto, ao nos submergirmos nesses mundos alternativos, podemos estar inadvertidamente evitando lidar com quest\u00f5es cruciais de nossas vidas reais, deixando de lado o desenvolvimento de habilidades sociais vitais e o enfrentamento de desafios emocionais necess\u00e1rios para o crescimento pessoal.<\/p>\n<p>O Vision Pro e dispositivos similares oferecem uma janela para realidades alternativas, mas ser\u00e1 que estamos preparados para o impacto que essa constante disponibilidade de fuga ter\u00e1 sobre nossa sa\u00fade mental? A facilidade em nos isolarmos em experi\u00eancias VR pode levar a uma diminui\u00e7\u00e3o das intera\u00e7\u00f5es face a face, essenciais para a constru\u00e7\u00e3o de relacionamentos significativos e o desenvolvimento da empatia. Em uma sociedade onde o contato humano j\u00e1 est\u00e1 sendo substitu\u00eddo por intera\u00e7\u00f5es digitais, a VR poderia acelerar esse processo, aumentando sentimentos de solid\u00e3o e desconex\u00e3o.<\/p>\n<p>Al\u00e9m disso, o impacto da realidade virtual na nossa percep\u00e7\u00e3o do que \u00e9 real e do que \u00e9 virtual pode ser profundamente desorientador. A linha entre esses dois mundos pode come\u00e7ar a se borrar, afetando nossa capacidade de permanecer presentes e engajados com o mundo f\u00edsico e com aqueles que nos rodeiam. Essa desconex\u00e3o da realidade pode ter repercuss\u00f5es s\u00e9rias, levando a um maior desengajamento social e possivelmente exacerbando condi\u00e7\u00f5es de sa\u00fade mental preexistentes.<\/p>\n<p>A quest\u00e3o, portanto, n\u00e3o \u00e9 se a tecnologia de VR como o Vision Pro \u00e9 impressionante \u2013 sem d\u00favida, ela \u00e9. O questionamento deve ser sobre como podemos equilibrar a imers\u00e3o nesses mundos virtuais com a necessidade de manter conex\u00f5es reais e significativas. Estamos diante de um paradoxo tecnol\u00f3gico: \u00e0 medida que as portas para novas realidades se abrem, as portas para o nosso mundo real podem estar se fechando.<\/p>\n<p>Convido a todos a refletir e compartilhar suas opini\u00f5es: estamos prontos para enfrentar os desafios emocionais que dispositivos como o Vision Pro podem trazer? Como podemos garantir que a promessa de escapismo n\u00e3o se torne uma armadilha de isolamento? A realidade virtual tem o potencial de enriquecer nossas vidas, mas \u00e9 fundamental que n\u00e3o permitamos que ela substitua a riqueza das nossas experi\u00eancias humanas reais.<\/p>\n<p>Artigo escrito por Alexandre Ayres &#8211; CEO MINDSELF<\/p>","protected":false},"excerpt":{"rendered":"<p>Nesta semana, a Apple lan\u00e7ou o Vision Pro, mergulhando-nos ainda mais fundo no fascinante, por\u00e9m complexo, universo da realidade virtual (VR). Esse avan\u00e7o tecnol\u00f3gico promete revolucionar a maneira como interagimos com o mundo digital, mas nos leva a questionar: estamos emocionalmente preparados para as consequ\u00eancias desse novo isolamento? Em uma era marcada pelo aumento do [&hellip;]<\/p>\n","protected":false},"author":23,"featured_media":3716,"comment_status":"closed","ping_status":"closed","sticky":false,"template":"","format":"standard","meta":{"footnotes":""},"categories":[1],"tags":[115,112,113,116,114,117],"class_list":["post-3712","post","type-post","status-publish","format-standard","has-post-thumbnail","hentry","category-uncategorized","tag-cuidados","tag-ia","tag-inteligenciaartificial","tag-realidadevirtual","tag-saudemental","tag-virtual"],"yoast_head":"<!-- This site is optimized with the Yoast SEO plugin v27.4 - https:\/\/yoast.com\/product\/yoast-seo-wordpress\/ -->\n<title>Realidade Virtual e Sa\u00fade Mental: Uma Espiral de Isolamento? - MINDSELF<\/title>\n<meta name=\"description\" content=\"Neste artigo trataremos sobre &quot;Realidade Virtual e Sa\u00fade Mental: Uma Espiral de Isolamento?&quot; atrav\u00e9s da vis\u00e3o de praticantes de medita\u00e7\u00e3o e especialistas em desenvolvimento pessoal. Leia mais!\" \/>\n<meta name=\"robots\" content=\"index, follow, max-snippet:-1, max-image-preview:large, max-video-preview:-1\" \/>\n<link rel=\"canonical\" href=\"https:\/\/www.mindself.com.br\/en\/post\/realidade-virtual-e-saude-mental-uma-espiral-de-isolamento\/\" \/>\n<meta property=\"og:locale\" content=\"en_US\" \/>\n<meta property=\"og:type\" content=\"article\" \/>\n<meta property=\"og:title\" content=\"Realidade Virtual e Sa\u00fade Mental: Uma Espiral de Isolamento? - MINDSELF\" \/>\n<meta property=\"og:description\" content=\"Neste artigo trataremos sobre &quot;Realidade Virtual e Sa\u00fade Mental: Uma Espiral de Isolamento?&quot; atrav\u00e9s da vis\u00e3o de praticantes de medita\u00e7\u00e3o e especialistas em desenvolvimento pessoal. Leia mais!\" \/>\n<meta property=\"og:url\" content=\"https:\/\/www.mindself.com.br\/en\/post\/realidade-virtual-e-saude-mental-uma-espiral-de-isolamento\/\" \/>\n<meta property=\"og:site_name\" content=\"MINDSELF\" \/>\n<meta property=\"article:publisher\" content=\"https:\/\/www.facebook.com\/mindselfmeditacao\" \/>\n<meta property=\"article:published_time\" content=\"2024-02-05T15:42:31+00:00\" \/>\n<meta property=\"article:modified_time\" content=\"2024-02-06T13:48:51+00:00\" \/>\n<meta property=\"og:image\" content=\"https:\/\/www.mindself.com.br\/wp-content\/uploads\/2024\/02\/Capa-Blog-1-1024x684.jpg\" \/>\n\t<meta property=\"og:image:width\" content=\"1024\" \/>\n\t<meta property=\"og:image:height\" content=\"684\" \/>\n\t<meta property=\"og:image:type\" content=\"image\/jpeg\" \/>\n<meta name=\"author\" content=\"Paulo Henrique Campos\" \/>\n<meta name=\"twitter:card\" content=\"summary_large_image\" \/>\n<meta name=\"twitter:label1\" content=\"Written by\" \/>\n\t<meta name=\"twitter:data1\" content=\"Paulo Henrique Campos\" \/>\n\t<meta name=\"twitter:label2\" content=\"Est. reading time\" \/>\n\t<meta name=\"twitter:data2\" content=\"3 minutes\" \/>\n<script type=\"application\/ld+json\" class=\"yoast-schema-graph\">{\"@context\":\"https:\\\/\\\/schema.org\",\"@graph\":[{\"@type\":\"Article\",\"@id\":\"https:\\\/\\\/www.mindself.com.br\\\/post\\\/realidade-virtual-e-saude-mental-uma-espiral-de-isolamento\\\/#article\",\"isPartOf\":{\"@id\":\"https:\\\/\\\/www.mindself.com.br\\\/post\\\/realidade-virtual-e-saude-mental-uma-espiral-de-isolamento\\\/\"},\"author\":{\"name\":\"Paulo Henrique Campos\",\"@id\":\"https:\\\/\\\/www.mindself.com.br\\\/en\\\/#\\\/schema\\\/person\\\/96f7080b6333f5d0180fc7d33d599d0a\"},\"headline\":\"Realidade Virtual e Sa\u00fade Mental: Uma Espiral de Isolamento?\",\"datePublished\":\"2024-02-05T15:42:31+00:00\",\"dateModified\":\"2024-02-06T13:48:51+00:00\",\"mainEntityOfPage\":{\"@id\":\"https:\\\/\\\/www.mindself.com.br\\\/post\\\/realidade-virtual-e-saude-mental-uma-espiral-de-isolamento\\\/\"},\"wordCount\":552,\"publisher\":{\"@id\":\"https:\\\/\\\/www.mindself.com.br\\\/en\\\/#organization\"},\"image\":{\"@id\":\"https:\\\/\\\/www.mindself.com.br\\\/post\\\/realidade-virtual-e-saude-mental-uma-espiral-de-isolamento\\\/#primaryimage\"},\"thumbnailUrl\":\"https:\\\/\\\/www.mindself.com.br\\\/wp-content\\\/uploads\\\/2024\\\/02\\\/Capa-Blog-1.jpg\",\"keywords\":[\"cuidados\",\"IA\",\"Inteligenciaartificial\",\"realidadevirtual\",\"saudemental\",\"virtual\"],\"inLanguage\":\"en-US\"},{\"@type\":\"WebPage\",\"@id\":\"https:\\\/\\\/www.mindself.com.br\\\/post\\\/realidade-virtual-e-saude-mental-uma-espiral-de-isolamento\\\/\",\"url\":\"https:\\\/\\\/www.mindself.com.br\\\/post\\\/realidade-virtual-e-saude-mental-uma-espiral-de-isolamento\\\/\",\"name\":\"Realidade Virtual e Sa\u00fade Mental: Uma Espiral de Isolamento? - MINDSELF\",\"isPartOf\":{\"@id\":\"https:\\\/\\\/www.mindself.com.br\\\/en\\\/#website\"},\"primaryImageOfPage\":{\"@id\":\"https:\\\/\\\/www.mindself.com.br\\\/post\\\/realidade-virtual-e-saude-mental-uma-espiral-de-isolamento\\\/#primaryimage\"},\"image\":{\"@id\":\"https:\\\/\\\/www.mindself.com.br\\\/post\\\/realidade-virtual-e-saude-mental-uma-espiral-de-isolamento\\\/#primaryimage\"},\"thumbnailUrl\":\"https:\\\/\\\/www.mindself.com.br\\\/wp-content\\\/uploads\\\/2024\\\/02\\\/Capa-Blog-1.jpg\",\"datePublished\":\"2024-02-05T15:42:31+00:00\",\"dateModified\":\"2024-02-06T13:48:51+00:00\",\"description\":\"Neste artigo trataremos sobre \\\"Realidade Virtual e Sa\u00fade Mental: Uma Espiral de Isolamento?\\\" atrav\u00e9s da vis\u00e3o de praticantes de medita\u00e7\u00e3o e especialistas em desenvolvimento pessoal. Leia mais!\",\"breadcrumb\":{\"@id\":\"https:\\\/\\\/www.mindself.com.br\\\/post\\\/realidade-virtual-e-saude-mental-uma-espiral-de-isolamento\\\/#breadcrumb\"},\"inLanguage\":\"en-US\",\"potentialAction\":[{\"@type\":\"ReadAction\",\"target\":[\"https:\\\/\\\/www.mindself.com.br\\\/post\\\/realidade-virtual-e-saude-mental-uma-espiral-de-isolamento\\\/\"]}]},{\"@type\":\"ImageObject\",\"inLanguage\":\"en-US\",\"@id\":\"https:\\\/\\\/www.mindself.com.br\\\/post\\\/realidade-virtual-e-saude-mental-uma-espiral-de-isolamento\\\/#primaryimage\",\"url\":\"https:\\\/\\\/www.mindself.com.br\\\/wp-content\\\/uploads\\\/2024\\\/02\\\/Capa-Blog-1.jpg\",\"contentUrl\":\"https:\\\/\\\/www.mindself.com.br\\\/wp-content\\\/uploads\\\/2024\\\/02\\\/Capa-Blog-1.jpg\",\"width\":2400,\"height\":1603,\"caption\":\"Capa Blog\"},{\"@type\":\"BreadcrumbList\",\"@id\":\"https:\\\/\\\/www.mindself.com.br\\\/post\\\/realidade-virtual-e-saude-mental-uma-espiral-de-isolamento\\\/#breadcrumb\",\"itemListElement\":[{\"@type\":\"ListItem\",\"position\":1,\"name\":\"In\u00edcio\",\"item\":\"https:\\\/\\\/www.mindself.com.br\\\/\"},{\"@type\":\"ListItem\",\"position\":2,\"name\":\"Realidade Virtual e Sa\u00fade Mental: Uma Espiral de Isolamento?\"}]},{\"@type\":\"WebSite\",\"@id\":\"https:\\\/\\\/www.mindself.com.br\\\/en\\\/#website\",\"url\":\"https:\\\/\\\/www.mindself.com.br\\\/en\\\/\",\"name\":\"MINDSELF\",\"description\":\"\",\"publisher\":{\"@id\":\"https:\\\/\\\/www.mindself.com.br\\\/en\\\/#organization\"},\"potentialAction\":[{\"@type\":\"SearchAction\",\"target\":{\"@type\":\"EntryPoint\",\"urlTemplate\":\"https:\\\/\\\/www.mindself.com.br\\\/en\\\/?s={search_term_string}\"},\"query-input\":{\"@type\":\"PropertyValueSpecification\",\"valueRequired\":true,\"valueName\":\"search_term_string\"}}],\"inLanguage\":\"en-US\"},{\"@type\":\"Organization\",\"@id\":\"https:\\\/\\\/www.mindself.com.br\\\/en\\\/#organization\",\"name\":\"MINDSELF\",\"url\":\"https:\\\/\\\/www.mindself.com.br\\\/en\\\/\",\"logo\":{\"@type\":\"ImageObject\",\"inLanguage\":\"en-US\",\"@id\":\"https:\\\/\\\/www.mindself.com.br\\\/en\\\/#\\\/schema\\\/logo\\\/image\\\/\",\"url\":\"https:\\\/\\\/www.mindself.com.br\\\/wp-content\\\/uploads\\\/2018\\\/09\\\/frame-164451.png\",\"contentUrl\":\"https:\\\/\\\/www.mindself.com.br\\\/wp-content\\\/uploads\\\/2018\\\/09\\\/frame-164451.png\",\"width\":306,\"height\":42,\"caption\":\"MINDSELF\"},\"image\":{\"@id\":\"https:\\\/\\\/www.mindself.com.br\\\/en\\\/#\\\/schema\\\/logo\\\/image\\\/\"},\"sameAs\":[\"https:\\\/\\\/www.facebook.com\\\/mindselfmeditacao\",\"https:\\\/\\\/www.instagram.com\\\/mindself_meditacao\\\/\",\"https:\\\/\\\/www.linkedin.com\\\/company\\\/mindself\\\/\"]},{\"@type\":\"Person\",\"@id\":\"https:\\\/\\\/www.mindself.com.br\\\/en\\\/#\\\/schema\\\/person\\\/96f7080b6333f5d0180fc7d33d599d0a\",\"name\":\"Paulo Henrique Campos\",\"sameAs\":[\"http:\\\/\\\/www.mindself.com.br\"],\"url\":\"https:\\\/\\\/www.mindself.com.br\\\/en\\\/post\\\/author\\\/paulo-henrique\\\/\"}]}<\/script>\n<!-- \/ Yoast SEO plugin. -->","yoast_head_json":{"title":"Realidade Virtual e Sa\u00fade Mental: Uma Espiral de Isolamento? - MINDSELF","description":"Neste artigo trataremos sobre \"Realidade Virtual e Sa\u00fade Mental: Uma Espiral de Isolamento?\" atrav\u00e9s da vis\u00e3o de praticantes de medita\u00e7\u00e3o e especialistas em desenvolvimento pessoal. Leia mais!","robots":{"index":"index","follow":"follow","max-snippet":"max-snippet:-1","max-image-preview":"max-image-preview:large","max-video-preview":"max-video-preview:-1"},"canonical":"https:\/\/www.mindself.com.br\/en\/post\/realidade-virtual-e-saude-mental-uma-espiral-de-isolamento\/","og_locale":"en_US","og_type":"article","og_title":"Realidade Virtual e Sa\u00fade Mental: Uma Espiral de Isolamento? - MINDSELF","og_description":"Neste artigo trataremos sobre \"Realidade Virtual e Sa\u00fade Mental: Uma Espiral de Isolamento?\" atrav\u00e9s da vis\u00e3o de praticantes de medita\u00e7\u00e3o e especialistas em desenvolvimento pessoal. Leia mais!","og_url":"https:\/\/www.mindself.com.br\/en\/post\/realidade-virtual-e-saude-mental-uma-espiral-de-isolamento\/","og_site_name":"MINDSELF","article_publisher":"https:\/\/www.facebook.com\/mindselfmeditacao","article_published_time":"2024-02-05T15:42:31+00:00","article_modified_time":"2024-02-06T13:48:51+00:00","og_image":[{"width":1024,"height":684,"url":"https:\/\/www.mindself.com.br\/wp-content\/uploads\/2024\/02\/Capa-Blog-1-1024x684.jpg","type":"image\/jpeg"}],"author":"Paulo Henrique Campos","twitter_card":"summary_large_image","twitter_misc":{"Written by":"Paulo Henrique Campos","Est. reading time":"3 minutes"},"schema":{"@context":"https:\/\/schema.org","@graph":[{"@type":"Article","@id":"https:\/\/www.mindself.com.br\/post\/realidade-virtual-e-saude-mental-uma-espiral-de-isolamento\/#article","isPartOf":{"@id":"https:\/\/www.mindself.com.br\/post\/realidade-virtual-e-saude-mental-uma-espiral-de-isolamento\/"},"author":{"name":"Paulo Henrique Campos","@id":"https:\/\/www.mindself.com.br\/en\/#\/schema\/person\/96f7080b6333f5d0180fc7d33d599d0a"},"headline":"Realidade Virtual e Sa\u00fade Mental: Uma Espiral de Isolamento?","datePublished":"2024-02-05T15:42:31+00:00","dateModified":"2024-02-06T13:48:51+00:00","mainEntityOfPage":{"@id":"https:\/\/www.mindself.com.br\/post\/realidade-virtual-e-saude-mental-uma-espiral-de-isolamento\/"},"wordCount":552,"publisher":{"@id":"https:\/\/www.mindself.com.br\/en\/#organization"},"image":{"@id":"https:\/\/www.mindself.com.br\/post\/realidade-virtual-e-saude-mental-uma-espiral-de-isolamento\/#primaryimage"},"thumbnailUrl":"https:\/\/www.mindself.com.br\/wp-content\/uploads\/2024\/02\/Capa-Blog-1.jpg","keywords":["cuidados","IA","Inteligenciaartificial","realidadevirtual","saudemental","virtual"],"inLanguage":"en-US"},{"@type":"WebPage","@id":"https:\/\/www.mindself.com.br\/post\/realidade-virtual-e-saude-mental-uma-espiral-de-isolamento\/","url":"https:\/\/www.mindself.com.br\/post\/realidade-virtual-e-saude-mental-uma-espiral-de-isolamento\/","name":"Realidade Virtual e Sa\u00fade Mental: Uma Espiral de Isolamento? - MINDSELF","isPartOf":{"@id":"https:\/\/www.mindself.com.br\/en\/#website"},"primaryImageOfPage":{"@id":"https:\/\/www.mindself.com.br\/post\/realidade-virtual-e-saude-mental-uma-espiral-de-isolamento\/#primaryimage"},"image":{"@id":"https:\/\/www.mindself.com.br\/post\/realidade-virtual-e-saude-mental-uma-espiral-de-isolamento\/#primaryimage"},"thumbnailUrl":"https:\/\/www.mindself.com.br\/wp-content\/uploads\/2024\/02\/Capa-Blog-1.jpg","datePublished":"2024-02-05T15:42:31+00:00","dateModified":"2024-02-06T13:48:51+00:00","description":"Neste artigo trataremos sobre \"Realidade Virtual e Sa\u00fade Mental: Uma Espiral de Isolamento?\" atrav\u00e9s da vis\u00e3o de praticantes de medita\u00e7\u00e3o e especialistas em desenvolvimento pessoal. Leia mais!","breadcrumb":{"@id":"https:\/\/www.mindself.com.br\/post\/realidade-virtual-e-saude-mental-uma-espiral-de-isolamento\/#breadcrumb"},"inLanguage":"en-US","potentialAction":[{"@type":"ReadAction","target":["https:\/\/www.mindself.com.br\/post\/realidade-virtual-e-saude-mental-uma-espiral-de-isolamento\/"]}]},{"@type":"ImageObject","inLanguage":"en-US","@id":"https:\/\/www.mindself.com.br\/post\/realidade-virtual-e-saude-mental-uma-espiral-de-isolamento\/#primaryimage","url":"https:\/\/www.mindself.com.br\/wp-content\/uploads\/2024\/02\/Capa-Blog-1.jpg","contentUrl":"https:\/\/www.mindself.com.br\/wp-content\/uploads\/2024\/02\/Capa-Blog-1.jpg","width":2400,"height":1603,"caption":"Capa Blog"},{"@type":"BreadcrumbList","@id":"https:\/\/www.mindself.com.br\/post\/realidade-virtual-e-saude-mental-uma-espiral-de-isolamento\/#breadcrumb","itemListElement":[{"@type":"ListItem","position":1,"name":"In\u00edcio","item":"https:\/\/www.mindself.com.br\/"},{"@type":"ListItem","position":2,"name":"Realidade Virtual e Sa\u00fade Mental: Uma Espiral de Isolamento?"}]},{"@type":"WebSite","@id":"https:\/\/www.mindself.com.br\/en\/#website","url":"https:\/\/www.mindself.com.br\/en\/","name":"MINDSELF","description":"","publisher":{"@id":"https:\/\/www.mindself.com.br\/en\/#organization"},"potentialAction":[{"@type":"SearchAction","target":{"@type":"EntryPoint","urlTemplate":"https:\/\/www.mindself.com.br\/en\/?s={search_term_string}"},"query-input":{"@type":"PropertyValueSpecification","valueRequired":true,"valueName":"search_term_string"}}],"inLanguage":"en-US"},{"@type":"Organization","@id":"https:\/\/www.mindself.com.br\/en\/#organization","name":"MINDSELF","url":"https:\/\/www.mindself.com.br\/en\/","logo":{"@type":"ImageObject","inLanguage":"en-US","@id":"https:\/\/www.mindself.com.br\/en\/#\/schema\/logo\/image\/","url":"https:\/\/www.mindself.com.br\/wp-content\/uploads\/2018\/09\/frame-164451.png","contentUrl":"https:\/\/www.mindself.com.br\/wp-content\/uploads\/2018\/09\/frame-164451.png","width":306,"height":42,"caption":"MINDSELF"},"image":{"@id":"https:\/\/www.mindself.com.br\/en\/#\/schema\/logo\/image\/"},"sameAs":["https:\/\/www.facebook.com\/mindselfmeditacao","https:\/\/www.instagram.com\/mindself_meditacao\/","https:\/\/www.linkedin.com\/company\/mindself\/"]},{"@type":"Person","@id":"https:\/\/www.mindself.com.br\/en\/#\/schema\/person\/96f7080b6333f5d0180fc7d33d599d0a","name":"Paulo Henrique Campos","sameAs":["http:\/\/www.mindself.com.br"],"url":"https:\/\/www.mindself.com.br\/en\/post\/author\/paulo-henrique\/"}]}},"_links":{"self":[{"href":"https:\/\/www.mindself.com.br\/en\/wp-json\/wp\/v2\/posts\/3712","targetHints":{"allow":["GET"]}}],"collection":[{"href":"https:\/\/www.mindself.com.br\/en\/wp-json\/wp\/v2\/posts"}],"about":[{"href":"https:\/\/www.mindself.com.br\/en\/wp-json\/wp\/v2\/types\/post"}],"author":[{"embeddable":true,"href":"https:\/\/www.mindself.com.br\/en\/wp-json\/wp\/v2\/users\/23"}],"replies":[{"embeddable":true,"href":"https:\/\/www.mindself.com.br\/en\/wp-json\/wp\/v2\/comments?post=3712"}],"version-history":[{"count":2,"href":"https:\/\/www.mindself.com.br\/en\/wp-json\/wp\/v2\/posts\/3712\/revisions"}],"predecessor-version":[{"id":3715,"href":"https:\/\/www.mindself.com.br\/en\/wp-json\/wp\/v2\/posts\/3712\/revisions\/3715"}],"wp:featuredmedia":[{"embeddable":true,"href":"https:\/\/www.mindself.com.br\/en\/wp-json\/wp\/v2\/media\/3716"}],"wp:attachment":[{"href":"https:\/\/www.mindself.com.br\/en\/wp-json\/wp\/v2\/media?parent=3712"}],"wp:term":[{"taxonomy":"category","embeddable":true,"href":"https:\/\/www.mindself.com.br\/en\/wp-json\/wp\/v2\/categories?post=3712"},{"taxonomy":"post_tag","embeddable":true,"href":"https:\/\/www.mindself.com.br\/en\/wp-json\/wp\/v2\/tags?post=3712"}],"curies":[{"name":"wp","href":"https:\/\/api.w.org\/{rel}","templated":true}]}}