{"id":3686,"date":"2024-01-15T10:00:28","date_gmt":"2024-01-15T13:00:28","guid":{"rendered":"https:\/\/www.mindself.com.br\/?p=3686"},"modified":"2024-01-16T17:32:56","modified_gmt":"2024-01-16T20:32:56","slug":"mindfulness-em-foco-janeiro-branco-e-a-importancia-da-saude-mental-2","status":"publish","type":"post","link":"https:\/\/www.mindself.com.br\/en\/post\/mindfulness-em-foco-janeiro-branco-e-a-importancia-da-saude-mental-2\/","title":{"rendered":"Mindfulness em Foco: Janeiro Branco e a Import\u00e2ncia da Sa\u00fade Mental"},"content":{"rendered":"<p>Janeiro Branco \u00e9 uma iniciativa que emerge a cada in\u00edcio de ano para salientar a relev\u00e2ncia da promo\u00e7\u00e3o da sa\u00fade mental. Em um cen\u00e1rio de formula\u00e7\u00e3o de metas e planos para o novo ano, \u00e9 essencial reservar um espa\u00e7o para cuidar do aspecto emocional, muitas vezes relegado ao segundo plano em meio \u00e0s demandas di\u00e1rias. A tem\u00e1tica &#8220;Mindfulness em Foco: Janeiro Branco e a Import\u00e2ncia da Sa\u00fade Mental&#8221; destaca a import\u00e2ncia de abordar as quest\u00f5es relacionadas ao bem-estar emocional antes que se agravem.<\/p>\n<p>As press\u00f5es cotidianas, as incertezas do futuro e os desafios constantes podem exercer um impacto significativo na sa\u00fade mental das pessoas. Janeiro Branco busca quebrar tabus e estimular a conversa aberta sobre quest\u00f5es psicol\u00f3gicas principalmente, promovendo o entendimento de que todos, sem exce\u00e7\u00e3o, enfrentam desafios emocionais. Nesse contexto, \u00e9 essencial explorar pr\u00e1ticas que possam contribuir para o equil\u00edbrio emocional, e o mindfulness surge como uma ferramenta valiosa.<\/p>\n<p>O mindfulness, ou aten\u00e7\u00e3o plena, \u00e9 uma pr\u00e1tica milenar que ganhou destaque devido aos seus benef\u00edcios comprovados para a sa\u00fade mental. Trata-se de um estado de consci\u00eancia no qual a pessoa direciona sua aten\u00e7\u00e3o para o momento presente, sem julgamentos. No contexto da sa\u00fade mental, o mindfulness tem se mostrado uma ferramenta valiosa para lidar com o estresse, a ansiedade e a depress\u00e3o.<\/p>\n<p>Ao incorporar o mindfulness \u00e0 rotina, as pessoas podem experimentar uma melhora na capacidade de lidar com as press\u00f5es di\u00e1rias. A pr\u00e1tica regular dessa t\u00e9cnica tem sido associada \u00e0 redu\u00e7\u00e3o dos n\u00edveis de cortisol, o horm\u00f4nio do estresse, e ao fortalecimento das \u00e1reas do c\u00e9rebro relacionadas ao autocontrole e \u00e0 regula\u00e7\u00e3o emocional. Esses efeitos colaboram para uma maior resili\u00eancia diante dos desafios, prevenindo a exaust\u00e3o mental.<\/p>\n<p>Uma das principais caracter\u00edsticas do mindfulness \u00e9 a aten\u00e7\u00e3o ao momento presente. Muitas vezes, nossas mentes est\u00e3o ocupadas com preocupa\u00e7\u00f5es futuras ou remoendo eventos passados. O mindfulness nos ensina a direcionar nossa aten\u00e7\u00e3o para o agora, cultivando um estado de presen\u00e7a que promove a clareza mental e a aceita\u00e7\u00e3o do momento presente.<\/p>\n<p>Al\u00e9m dos benef\u00edcios diretos para a sa\u00fade mental, o mindfulness tamb\u00e9m contribui para a melhoria da qualidade de vida de maneira geral. A conex\u00e3o mente-corpo promovida por essa pr\u00e1tica est\u00e1 relacionada a uma resposta mais equilibrada ao estresse, melhorando n\u00e3o apenas o bem-estar emocional, mas tamb\u00e9m f\u00edsico.<\/p>\n<p>Em &#8220;Mindfulness em Foco: Janeiro Branco e a Import\u00e2ncia da Sa\u00fade Mental&#8221;, ao abra\u00e7armos a tem\u00e1tica &#8220;Sa\u00fade Mental Enquanto h\u00e1 Tempo&#8221;, \u00e9 fundamental reconhecer a import\u00e2ncia de incorporar pr\u00e1ticas como essa em nossas vidas. Cuidar da sa\u00fade mental n\u00e3o \u00e9 um luxo, mas uma necessidade para uma vida plena e equilibrada. Ao investirmos tempo e energia em nosso bem-estar emocional, constru\u00edmos a base para enfrentar os desafios do dia a dia com mais resili\u00eancia e serenidade, promovendo uma jornada mais saud\u00e1vel\u00a0e\u00a0equilibrada.<\/p>","protected":false},"excerpt":{"rendered":"<p>Janeiro Branco \u00e9 uma iniciativa que emerge a cada in\u00edcio de ano para salientar a relev\u00e2ncia da promo\u00e7\u00e3o da sa\u00fade mental. Em um cen\u00e1rio de formula\u00e7\u00e3o de metas e planos para o novo ano, \u00e9 essencial reservar um espa\u00e7o para cuidar do aspecto emocional, muitas vezes relegado ao segundo plano em meio \u00e0s demandas di\u00e1rias. [&hellip;]<\/p>\n","protected":false},"author":17,"featured_media":3692,"comment_status":"closed","ping_status":"closed","sticky":false,"template":"","format":"standard","meta":{"footnotes":""},"categories":[1],"tags":[108,40,95,107,29],"class_list":["post-3686","post","type-post","status-publish","format-standard","has-post-thumbnail","hentry","category-uncategorized","tag-b2b","tag-empresas","tag-janeiro-branco","tag-rh","tag-saude-mental"],"yoast_head":"<!-- This site is optimized with the Yoast SEO plugin v27.4 - https:\/\/yoast.com\/product\/yoast-seo-wordpress\/ -->\n<title>Mindfulness em Foco: Janeiro Branco e a Import\u00e2ncia da Sa\u00fade Mental - MINDSELF<\/title>\n<meta name=\"description\" content=\"Neste artigo trataremos sobre &quot;Mindfulness em Foco: Janeiro Branco e a Import\u00e2ncia da Sa\u00fade Mental&quot; atrav\u00e9s da vis\u00e3o de praticantes de medita\u00e7\u00e3o e especialistas em desenvolvimento pessoal. Leia mais!\" \/>\n<meta name=\"robots\" content=\"index, follow, max-snippet:-1, max-image-preview:large, max-video-preview:-1\" \/>\n<link rel=\"canonical\" href=\"https:\/\/www.mindself.com.br\/en\/post\/mindfulness-em-foco-janeiro-branco-e-a-importancia-da-saude-mental-2\/\" \/>\n<meta property=\"og:locale\" content=\"en_US\" \/>\n<meta property=\"og:type\" content=\"article\" \/>\n<meta property=\"og:title\" content=\"Mindfulness em Foco: Janeiro Branco e a Import\u00e2ncia da Sa\u00fade Mental - MINDSELF\" \/>\n<meta property=\"og:description\" content=\"Neste artigo trataremos sobre &quot;Mindfulness em Foco: Janeiro Branco e a Import\u00e2ncia da Sa\u00fade Mental&quot; atrav\u00e9s da vis\u00e3o de praticantes de medita\u00e7\u00e3o e especialistas em desenvolvimento pessoal. Leia mais!\" \/>\n<meta property=\"og:url\" content=\"https:\/\/www.mindself.com.br\/en\/post\/mindfulness-em-foco-janeiro-branco-e-a-importancia-da-saude-mental-2\/\" \/>\n<meta property=\"og:site_name\" content=\"MINDSELF\" \/>\n<meta property=\"article:publisher\" content=\"https:\/\/www.facebook.com\/mindselfmeditacao\" \/>\n<meta property=\"article:published_time\" content=\"2024-01-15T13:00:28+00:00\" \/>\n<meta property=\"article:modified_time\" content=\"2024-01-16T20:32:56+00:00\" \/>\n<meta property=\"og:image\" content=\"https:\/\/www.mindself.com.br\/wp-content\/uploads\/2024\/01\/Capa-Blog.jpg\" \/>\n\t<meta property=\"og:image:width\" content=\"2400\" \/>\n\t<meta property=\"og:image:height\" content=\"1603\" \/>\n\t<meta property=\"og:image:type\" content=\"image\/jpeg\" \/>\n<meta name=\"author\" content=\"mindself\" \/>\n<meta name=\"twitter:card\" content=\"summary_large_image\" \/>\n<meta name=\"twitter:label1\" content=\"Written by\" \/>\n\t<meta name=\"twitter:data1\" content=\"mindself\" \/>\n\t<meta name=\"twitter:label2\" content=\"Est. reading time\" \/>\n\t<meta name=\"twitter:data2\" content=\"3 minutes\" \/>\n<script type=\"application\/ld+json\" class=\"yoast-schema-graph\">{\"@context\":\"https:\\\/\\\/schema.org\",\"@graph\":[{\"@type\":\"Article\",\"@id\":\"https:\\\/\\\/www.mindself.com.br\\\/post\\\/mindfulness-em-foco-janeiro-branco-e-a-importancia-da-saude-mental-2\\\/#article\",\"isPartOf\":{\"@id\":\"https:\\\/\\\/www.mindself.com.br\\\/post\\\/mindfulness-em-foco-janeiro-branco-e-a-importancia-da-saude-mental-2\\\/\"},\"author\":{\"name\":\"mindself\",\"@id\":\"https:\\\/\\\/www.mindself.com.br\\\/en\\\/#\\\/schema\\\/person\\\/21511da00f6e56a4d61d031e75683709\"},\"headline\":\"Mindfulness em Foco: Janeiro Branco e a Import\u00e2ncia da Sa\u00fade Mental\",\"datePublished\":\"2024-01-15T13:00:28+00:00\",\"dateModified\":\"2024-01-16T20:32:56+00:00\",\"mainEntityOfPage\":{\"@id\":\"https:\\\/\\\/www.mindself.com.br\\\/post\\\/mindfulness-em-foco-janeiro-branco-e-a-importancia-da-saude-mental-2\\\/\"},\"wordCount\":531,\"publisher\":{\"@id\":\"https:\\\/\\\/www.mindself.com.br\\\/en\\\/#organization\"},\"image\":{\"@id\":\"https:\\\/\\\/www.mindself.com.br\\\/post\\\/mindfulness-em-foco-janeiro-branco-e-a-importancia-da-saude-mental-2\\\/#primaryimage\"},\"thumbnailUrl\":\"https:\\\/\\\/www.mindself.com.br\\\/wp-content\\\/uploads\\\/2024\\\/01\\\/Capa-Blog.jpg\",\"keywords\":[\"b2b\",\"empresas\",\"janeiro branco\",\"rh\",\"saude mental\"],\"inLanguage\":\"en-US\"},{\"@type\":\"WebPage\",\"@id\":\"https:\\\/\\\/www.mindself.com.br\\\/post\\\/mindfulness-em-foco-janeiro-branco-e-a-importancia-da-saude-mental-2\\\/\",\"url\":\"https:\\\/\\\/www.mindself.com.br\\\/post\\\/mindfulness-em-foco-janeiro-branco-e-a-importancia-da-saude-mental-2\\\/\",\"name\":\"Mindfulness em Foco: Janeiro Branco e a Import\u00e2ncia da Sa\u00fade Mental - MINDSELF\",\"isPartOf\":{\"@id\":\"https:\\\/\\\/www.mindself.com.br\\\/en\\\/#website\"},\"primaryImageOfPage\":{\"@id\":\"https:\\\/\\\/www.mindself.com.br\\\/post\\\/mindfulness-em-foco-janeiro-branco-e-a-importancia-da-saude-mental-2\\\/#primaryimage\"},\"image\":{\"@id\":\"https:\\\/\\\/www.mindself.com.br\\\/post\\\/mindfulness-em-foco-janeiro-branco-e-a-importancia-da-saude-mental-2\\\/#primaryimage\"},\"thumbnailUrl\":\"https:\\\/\\\/www.mindself.com.br\\\/wp-content\\\/uploads\\\/2024\\\/01\\\/Capa-Blog.jpg\",\"datePublished\":\"2024-01-15T13:00:28+00:00\",\"dateModified\":\"2024-01-16T20:32:56+00:00\",\"description\":\"Neste artigo trataremos sobre \\\"Mindfulness em Foco: Janeiro Branco e a Import\u00e2ncia da Sa\u00fade Mental\\\" atrav\u00e9s da vis\u00e3o de praticantes de medita\u00e7\u00e3o e especialistas em desenvolvimento pessoal. Leia mais!\",\"breadcrumb\":{\"@id\":\"https:\\\/\\\/www.mindself.com.br\\\/post\\\/mindfulness-em-foco-janeiro-branco-e-a-importancia-da-saude-mental-2\\\/#breadcrumb\"},\"inLanguage\":\"en-US\",\"potentialAction\":[{\"@type\":\"ReadAction\",\"target\":[\"https:\\\/\\\/www.mindself.com.br\\\/post\\\/mindfulness-em-foco-janeiro-branco-e-a-importancia-da-saude-mental-2\\\/\"]}]},{\"@type\":\"ImageObject\",\"inLanguage\":\"en-US\",\"@id\":\"https:\\\/\\\/www.mindself.com.br\\\/post\\\/mindfulness-em-foco-janeiro-branco-e-a-importancia-da-saude-mental-2\\\/#primaryimage\",\"url\":\"https:\\\/\\\/www.mindself.com.br\\\/wp-content\\\/uploads\\\/2024\\\/01\\\/Capa-Blog.jpg\",\"contentUrl\":\"https:\\\/\\\/www.mindself.com.br\\\/wp-content\\\/uploads\\\/2024\\\/01\\\/Capa-Blog.jpg\",\"width\":2400,\"height\":1603,\"caption\":\"Capa Blog\"},{\"@type\":\"BreadcrumbList\",\"@id\":\"https:\\\/\\\/www.mindself.com.br\\\/post\\\/mindfulness-em-foco-janeiro-branco-e-a-importancia-da-saude-mental-2\\\/#breadcrumb\",\"itemListElement\":[{\"@type\":\"ListItem\",\"position\":1,\"name\":\"In\u00edcio\",\"item\":\"https:\\\/\\\/www.mindself.com.br\\\/\"},{\"@type\":\"ListItem\",\"position\":2,\"name\":\"Mindfulness em Foco: Janeiro Branco e a Import\u00e2ncia da Sa\u00fade Mental\"}]},{\"@type\":\"WebSite\",\"@id\":\"https:\\\/\\\/www.mindself.com.br\\\/en\\\/#website\",\"url\":\"https:\\\/\\\/www.mindself.com.br\\\/en\\\/\",\"name\":\"MINDSELF\",\"description\":\"\",\"publisher\":{\"@id\":\"https:\\\/\\\/www.mindself.com.br\\\/en\\\/#organization\"},\"potentialAction\":[{\"@type\":\"SearchAction\",\"target\":{\"@type\":\"EntryPoint\",\"urlTemplate\":\"https:\\\/\\\/www.mindself.com.br\\\/en\\\/?s={search_term_string}\"},\"query-input\":{\"@type\":\"PropertyValueSpecification\",\"valueRequired\":true,\"valueName\":\"search_term_string\"}}],\"inLanguage\":\"en-US\"},{\"@type\":\"Organization\",\"@id\":\"https:\\\/\\\/www.mindself.com.br\\\/en\\\/#organization\",\"name\":\"MINDSELF\",\"url\":\"https:\\\/\\\/www.mindself.com.br\\\/en\\\/\",\"logo\":{\"@type\":\"ImageObject\",\"inLanguage\":\"en-US\",\"@id\":\"https:\\\/\\\/www.mindself.com.br\\\/en\\\/#\\\/schema\\\/logo\\\/image\\\/\",\"url\":\"https:\\\/\\\/www.mindself.com.br\\\/wp-content\\\/uploads\\\/2018\\\/09\\\/frame-164451.png\",\"contentUrl\":\"https:\\\/\\\/www.mindself.com.br\\\/wp-content\\\/uploads\\\/2018\\\/09\\\/frame-164451.png\",\"width\":306,\"height\":42,\"caption\":\"MINDSELF\"},\"image\":{\"@id\":\"https:\\\/\\\/www.mindself.com.br\\\/en\\\/#\\\/schema\\\/logo\\\/image\\\/\"},\"sameAs\":[\"https:\\\/\\\/www.facebook.com\\\/mindselfmeditacao\",\"https:\\\/\\\/www.instagram.com\\\/mindself_meditacao\\\/\",\"https:\\\/\\\/www.linkedin.com\\\/company\\\/mindself\\\/\"]},{\"@type\":\"Person\",\"@id\":\"https:\\\/\\\/www.mindself.com.br\\\/en\\\/#\\\/schema\\\/person\\\/21511da00f6e56a4d61d031e75683709\",\"name\":\"mindself\",\"url\":\"https:\\\/\\\/www.mindself.com.br\\\/en\\\/post\\\/author\\\/mindself\\\/\"}]}<\/script>\n<!-- \/ Yoast SEO plugin. -->","yoast_head_json":{"title":"Mindfulness em Foco: Janeiro Branco e a Import\u00e2ncia da Sa\u00fade Mental - MINDSELF","description":"Neste artigo trataremos sobre \"Mindfulness em Foco: Janeiro Branco e a Import\u00e2ncia da Sa\u00fade Mental\" atrav\u00e9s da vis\u00e3o de praticantes de medita\u00e7\u00e3o e especialistas em desenvolvimento pessoal. Leia mais!","robots":{"index":"index","follow":"follow","max-snippet":"max-snippet:-1","max-image-preview":"max-image-preview:large","max-video-preview":"max-video-preview:-1"},"canonical":"https:\/\/www.mindself.com.br\/en\/post\/mindfulness-em-foco-janeiro-branco-e-a-importancia-da-saude-mental-2\/","og_locale":"en_US","og_type":"article","og_title":"Mindfulness em Foco: Janeiro Branco e a Import\u00e2ncia da Sa\u00fade Mental - MINDSELF","og_description":"Neste artigo trataremos sobre \"Mindfulness em Foco: Janeiro Branco e a Import\u00e2ncia da Sa\u00fade Mental\" atrav\u00e9s da vis\u00e3o de praticantes de medita\u00e7\u00e3o e especialistas em desenvolvimento pessoal. Leia mais!","og_url":"https:\/\/www.mindself.com.br\/en\/post\/mindfulness-em-foco-janeiro-branco-e-a-importancia-da-saude-mental-2\/","og_site_name":"MINDSELF","article_publisher":"https:\/\/www.facebook.com\/mindselfmeditacao","article_published_time":"2024-01-15T13:00:28+00:00","article_modified_time":"2024-01-16T20:32:56+00:00","og_image":[{"width":2400,"height":1603,"url":"https:\/\/www.mindself.com.br\/wp-content\/uploads\/2024\/01\/Capa-Blog.jpg","type":"image\/jpeg"}],"author":"mindself","twitter_card":"summary_large_image","twitter_misc":{"Written by":"mindself","Est. reading time":"3 minutes"},"schema":{"@context":"https:\/\/schema.org","@graph":[{"@type":"Article","@id":"https:\/\/www.mindself.com.br\/post\/mindfulness-em-foco-janeiro-branco-e-a-importancia-da-saude-mental-2\/#article","isPartOf":{"@id":"https:\/\/www.mindself.com.br\/post\/mindfulness-em-foco-janeiro-branco-e-a-importancia-da-saude-mental-2\/"},"author":{"name":"mindself","@id":"https:\/\/www.mindself.com.br\/en\/#\/schema\/person\/21511da00f6e56a4d61d031e75683709"},"headline":"Mindfulness em Foco: Janeiro Branco e a Import\u00e2ncia da Sa\u00fade Mental","datePublished":"2024-01-15T13:00:28+00:00","dateModified":"2024-01-16T20:32:56+00:00","mainEntityOfPage":{"@id":"https:\/\/www.mindself.com.br\/post\/mindfulness-em-foco-janeiro-branco-e-a-importancia-da-saude-mental-2\/"},"wordCount":531,"publisher":{"@id":"https:\/\/www.mindself.com.br\/en\/#organization"},"image":{"@id":"https:\/\/www.mindself.com.br\/post\/mindfulness-em-foco-janeiro-branco-e-a-importancia-da-saude-mental-2\/#primaryimage"},"thumbnailUrl":"https:\/\/www.mindself.com.br\/wp-content\/uploads\/2024\/01\/Capa-Blog.jpg","keywords":["b2b","empresas","janeiro branco","rh","saude mental"],"inLanguage":"en-US"},{"@type":"WebPage","@id":"https:\/\/www.mindself.com.br\/post\/mindfulness-em-foco-janeiro-branco-e-a-importancia-da-saude-mental-2\/","url":"https:\/\/www.mindself.com.br\/post\/mindfulness-em-foco-janeiro-branco-e-a-importancia-da-saude-mental-2\/","name":"Mindfulness em Foco: Janeiro Branco e a Import\u00e2ncia da Sa\u00fade Mental - MINDSELF","isPartOf":{"@id":"https:\/\/www.mindself.com.br\/en\/#website"},"primaryImageOfPage":{"@id":"https:\/\/www.mindself.com.br\/post\/mindfulness-em-foco-janeiro-branco-e-a-importancia-da-saude-mental-2\/#primaryimage"},"image":{"@id":"https:\/\/www.mindself.com.br\/post\/mindfulness-em-foco-janeiro-branco-e-a-importancia-da-saude-mental-2\/#primaryimage"},"thumbnailUrl":"https:\/\/www.mindself.com.br\/wp-content\/uploads\/2024\/01\/Capa-Blog.jpg","datePublished":"2024-01-15T13:00:28+00:00","dateModified":"2024-01-16T20:32:56+00:00","description":"Neste artigo trataremos sobre \"Mindfulness em Foco: Janeiro Branco e a Import\u00e2ncia da Sa\u00fade Mental\" atrav\u00e9s da vis\u00e3o de praticantes de medita\u00e7\u00e3o e especialistas em desenvolvimento pessoal. Leia mais!","breadcrumb":{"@id":"https:\/\/www.mindself.com.br\/post\/mindfulness-em-foco-janeiro-branco-e-a-importancia-da-saude-mental-2\/#breadcrumb"},"inLanguage":"en-US","potentialAction":[{"@type":"ReadAction","target":["https:\/\/www.mindself.com.br\/post\/mindfulness-em-foco-janeiro-branco-e-a-importancia-da-saude-mental-2\/"]}]},{"@type":"ImageObject","inLanguage":"en-US","@id":"https:\/\/www.mindself.com.br\/post\/mindfulness-em-foco-janeiro-branco-e-a-importancia-da-saude-mental-2\/#primaryimage","url":"https:\/\/www.mindself.com.br\/wp-content\/uploads\/2024\/01\/Capa-Blog.jpg","contentUrl":"https:\/\/www.mindself.com.br\/wp-content\/uploads\/2024\/01\/Capa-Blog.jpg","width":2400,"height":1603,"caption":"Capa Blog"},{"@type":"BreadcrumbList","@id":"https:\/\/www.mindself.com.br\/post\/mindfulness-em-foco-janeiro-branco-e-a-importancia-da-saude-mental-2\/#breadcrumb","itemListElement":[{"@type":"ListItem","position":1,"name":"In\u00edcio","item":"https:\/\/www.mindself.com.br\/"},{"@type":"ListItem","position":2,"name":"Mindfulness em Foco: Janeiro Branco e a Import\u00e2ncia da Sa\u00fade Mental"}]},{"@type":"WebSite","@id":"https:\/\/www.mindself.com.br\/en\/#website","url":"https:\/\/www.mindself.com.br\/en\/","name":"MINDSELF","description":"","publisher":{"@id":"https:\/\/www.mindself.com.br\/en\/#organization"},"potentialAction":[{"@type":"SearchAction","target":{"@type":"EntryPoint","urlTemplate":"https:\/\/www.mindself.com.br\/en\/?s={search_term_string}"},"query-input":{"@type":"PropertyValueSpecification","valueRequired":true,"valueName":"search_term_string"}}],"inLanguage":"en-US"},{"@type":"Organization","@id":"https:\/\/www.mindself.com.br\/en\/#organization","name":"MINDSELF","url":"https:\/\/www.mindself.com.br\/en\/","logo":{"@type":"ImageObject","inLanguage":"en-US","@id":"https:\/\/www.mindself.com.br\/en\/#\/schema\/logo\/image\/","url":"https:\/\/www.mindself.com.br\/wp-content\/uploads\/2018\/09\/frame-164451.png","contentUrl":"https:\/\/www.mindself.com.br\/wp-content\/uploads\/2018\/09\/frame-164451.png","width":306,"height":42,"caption":"MINDSELF"},"image":{"@id":"https:\/\/www.mindself.com.br\/en\/#\/schema\/logo\/image\/"},"sameAs":["https:\/\/www.facebook.com\/mindselfmeditacao","https:\/\/www.instagram.com\/mindself_meditacao\/","https:\/\/www.linkedin.com\/company\/mindself\/"]},{"@type":"Person","@id":"https:\/\/www.mindself.com.br\/en\/#\/schema\/person\/21511da00f6e56a4d61d031e75683709","name":"mindself","url":"https:\/\/www.mindself.com.br\/en\/post\/author\/mindself\/"}]}},"_links":{"self":[{"href":"https:\/\/www.mindself.com.br\/en\/wp-json\/wp\/v2\/posts\/3686","targetHints":{"allow":["GET"]}}],"collection":[{"href":"https:\/\/www.mindself.com.br\/en\/wp-json\/wp\/v2\/posts"}],"about":[{"href":"https:\/\/www.mindself.com.br\/en\/wp-json\/wp\/v2\/types\/post"}],"author":[{"embeddable":true,"href":"https:\/\/www.mindself.com.br\/en\/wp-json\/wp\/v2\/users\/17"}],"replies":[{"embeddable":true,"href":"https:\/\/www.mindself.com.br\/en\/wp-json\/wp\/v2\/comments?post=3686"}],"version-history":[{"count":2,"href":"https:\/\/www.mindself.com.br\/en\/wp-json\/wp\/v2\/posts\/3686\/revisions"}],"predecessor-version":[{"id":3691,"href":"https:\/\/www.mindself.com.br\/en\/wp-json\/wp\/v2\/posts\/3686\/revisions\/3691"}],"wp:featuredmedia":[{"embeddable":true,"href":"https:\/\/www.mindself.com.br\/en\/wp-json\/wp\/v2\/media\/3692"}],"wp:attachment":[{"href":"https:\/\/www.mindself.com.br\/en\/wp-json\/wp\/v2\/media?parent=3686"}],"wp:term":[{"taxonomy":"category","embeddable":true,"href":"https:\/\/www.mindself.com.br\/en\/wp-json\/wp\/v2\/categories?post=3686"},{"taxonomy":"post_tag","embeddable":true,"href":"https:\/\/www.mindself.com.br\/en\/wp-json\/wp\/v2\/tags?post=3686"}],"curies":[{"name":"wp","href":"https:\/\/api.w.org\/{rel}","templated":true}]}}