{"id":2887,"date":"2023-01-31T20:35:32","date_gmt":"2023-01-31T23:35:32","guid":{"rendered":"https:\/\/www.mindself.com.br\/?p=2887"},"modified":"2023-01-31T21:01:37","modified_gmt":"2023-02-01T00:01:37","slug":"a-vida-pede-equilibrio-janeiro-branco","status":"publish","type":"post","link":"https:\/\/www.mindself.com.br\/en\/post\/a-vida-pede-equilibrio-janeiro-branco\/","title":{"rendered":"A Vida pede Equil\u00edbrio &#8211; Janeiro Branco"},"content":{"rendered":"<p><span style=\"font-weight: 400;\">O Janeiro Branco, foi idealizado em 2014 por um psic\u00f3logo Brasileiro, o Leonardo Abrah\u00e3o, com o objetivo <\/span><span style=\"font-weight: 400;\">de <\/span><span style=\"font-weight: 400;\">conscientizar sobre a import\u00e2ncia da sa\u00fade mental e emocional e como ela afeta a qualidade de vida. Portanto, para ampliar ainda mais o alcance das a\u00e7\u00f5es e a visibilidade da campanha, foi fundado o Instituto Janeiro Branco, presidido por Leonardo Abrah\u00e3o e que tamb\u00e9m conta com a psic\u00f3loga Val\u00e9ria Ribeiro na vice-presid\u00eancia.<\/span><\/p>\n<p>&nbsp;<\/p>\n<p><span style=\"font-weight: 400;\">A MINDSELF \u00e9 uma apoiadora do Instituto e da causa. A escolha do m\u00eas de janeiro tem rela\u00e7\u00e3o com a simbologia do in\u00edcio de ano, que inclui reflex\u00f5es, defini\u00e7\u00e3o de novas metas e a oportunidade de recome\u00e7ar.<\/span><\/p>\n<p>&nbsp;<\/p>\n<p><span style=\"font-weight: 400;\">Os problemas psicol\u00f3gicos passaram a ser ainda mais discutidos ap\u00f3s a pandemia da Covid-19. Os reflexos das crises sanit\u00e1ria e econ\u00f4mica impactaram diretamente o cotidiano dos cidad\u00e3os. Segundo a Organiza\u00e7\u00e3o da Sa\u00fade (OMS), quase um bilh\u00e3o de pessoas sofrem de algum transtorno mental no mundo.\u00a0<\/span><\/p>\n<p>&nbsp;<\/p>\n<p><span style=\"font-weight: 400;\">Durante o Janeiro Branco sempre s\u00e3o realizadas uma s\u00e9rie de atividades baseadas em um tema central, que \u00e9 modificado a cada ano. Al\u00e9m do calend\u00e1rio proposto pelo projeto de forma ampla, as empresas, departamentos de RH e consultorias de Recursos Humanos s\u00e3o estimuladas a trabalhar o assunto de forma mais estruturada com funcion\u00e1rios e colaboradores.<\/span><\/p>\n<p>&nbsp;<\/p>\n<p><span style=\"font-weight: 400;\">Para 2023, o tema escolhido foi \u201cA VIDA PEDE EQUIL\u00cdBRIO\u201d.<\/span><\/p>\n<p>&nbsp;<\/p>\n<p><span style=\"font-weight: 400;\">A imprensa tamb\u00e9m \u00e9 uma parceira estrat\u00e9gica para o movimento desde o seu in\u00edcio. A divulga\u00e7\u00e3o de mat\u00e9rias, artigos e reportagens possibilitam que a tem\u00e1tica seja difundida para todo o territ\u00f3rio nacional. Nos \u00faltimos anos a repercuss\u00e3o tamb\u00e9m atingiu ve\u00edculos de comunica\u00e7\u00e3o no exterior, com a campanha chegando em pa\u00edses da Am\u00e9rica Latina, Europa e at\u00e9 mesmo na Austr\u00e1lia.<\/span><\/p>\n<p>&nbsp;<\/p>\n<p><span style=\"font-weight: 400;\">A MINDSELF pode te ajudar a elaborar a\u00e7\u00f5es de sa\u00fade emocional, bem-estar e qualidade de vida no ambiente corporativo que impactam seus colaboradores em qualquer per\u00edodo do ano. N\u00e3o deixe de aproveitar per\u00edodos e datas comemorativas para chamar a aten\u00e7\u00e3o para a import\u00e2ncia do autocuidado no ambiente profissional.<\/span><\/p>\n<p>&nbsp;<\/p>\n<p><a href=\"https:\/\/www.mindself.com.br\/en\/contato\/\"><button>FALE COM UM CONSULTOR <\/button><\/a><\/p>\n<p>&nbsp;<\/p>\n<p>&nbsp;<\/p>\n<p><b>Refer\u00eancias:<\/b><\/p>\n<p><a href=\"https:\/\/www.gov.br\/cetene\/pt-br\/assuntos\/noticias\/campanha-janeiro-branco-1\"><span style=\"font-weight: 400;\">https:\/\/www.gov.br\/cetene\/pt-br\/assuntos\/noticias\/campanha-janeiro-branco-1<\/span><\/a><\/p>\n<p><a href=\"https:\/\/www.terra.com.br\/noticias\/janeiro-branco-campanha-alerta-sobre-saude-mental,b1c6f802e57dc7f198ba4693ca92d7falvo3budd.html\"><span style=\"font-weight: 400;\">https:\/\/www.terra.com.br\/noticias\/janeiro-branco-campanha-alerta-sobre-saude-mental,b1c6f802e57dc7f198ba4693ca92d7falvo3budd.html<\/span><\/a><\/p>\n<p><a href=\"https:\/\/vocerh.abril.com.br\/saude-mental\/janeiro-branco-qual-a-relacao-do-mes-com-a-saude-mental\/\"><span style=\"font-weight: 400;\">https:\/\/vocerh.abril.com.br\/saude-mental\/janeiro-branco-qual-a-relacao-do-mes-com-a-saude-mental\/<\/span><\/a><\/p>\n<p><a href=\"https:\/\/www.unicamp.br\/unicamp\/noticias\/2023\/01\/09\/vida-pede-equilibrio-e-o-tema-da-campanha-janeiro-branco\"><span style=\"font-weight: 400;\">https:\/\/www.unicamp.br\/unicamp\/noticias\/2023\/01\/09\/vida-pede-equilibrio-e-o-tema-da-campanha-janeiro-branco<\/span><\/a><\/p>\n<p><a href=\"https:\/\/site.cfp.org.br\/nota-de-posicionamento-sobre-a-campanha-janeiro-branco\/\"><span style=\"font-weight: 400;\">https:\/\/site.cfp.org.br\/nota-de-posicionamento-sobre-a-campanha-janeiro-branco\/<\/span><\/a><\/p>","protected":false},"excerpt":{"rendered":"<p>O Janeiro Branco, foi idealizado em 2014 por um psic\u00f3logo Brasileiro, o Leonardo Abrah\u00e3o, com o objetivo de conscientizar sobre a import\u00e2ncia da sa\u00fade mental e emocional e como ela afeta a qualidade de vida. Portanto, para ampliar ainda mais o alcance das a\u00e7\u00f5es e a visibilidade da campanha, foi fundado o Instituto Janeiro Branco, [&hellip;]<\/p>\n","protected":false},"author":17,"featured_media":2888,"comment_status":"open","ping_status":"open","sticky":false,"template":"","format":"standard","meta":{"footnotes":""},"categories":[1],"tags":[94,95],"class_list":["post-2887","post","type-post","status-publish","format-standard","has-post-thumbnail","hentry","category-uncategorized","tag-a-vida-pede-equilibrio","tag-janeiro-branco"],"yoast_head":"<!-- This site is optimized with the Yoast SEO plugin v27.4 - https:\/\/yoast.com\/product\/yoast-seo-wordpress\/ -->\n<title>A Vida pede Equil\u00edbrio - Janeiro Branco - MINDSELF<\/title>\n<meta name=\"description\" content=\"Neste artigo trataremos sobre &quot;A Vida pede Equil\u00edbrio - Janeiro Branco&quot; atrav\u00e9s da vis\u00e3o de praticantes de medita\u00e7\u00e3o e especialistas em desenvolvimento pessoal. Leia mais!\" \/>\n<meta name=\"robots\" content=\"index, follow, max-snippet:-1, max-image-preview:large, max-video-preview:-1\" \/>\n<link rel=\"canonical\" href=\"https:\/\/www.mindself.com.br\/en\/post\/a-vida-pede-equilibrio-janeiro-branco\/\" \/>\n<meta property=\"og:locale\" content=\"en_US\" \/>\n<meta property=\"og:type\" content=\"article\" \/>\n<meta property=\"og:title\" content=\"A Vida pede Equil\u00edbrio - Janeiro Branco - MINDSELF\" \/>\n<meta property=\"og:description\" content=\"Neste artigo trataremos sobre &quot;A Vida pede Equil\u00edbrio - Janeiro Branco&quot; atrav\u00e9s da vis\u00e3o de praticantes de medita\u00e7\u00e3o e especialistas em desenvolvimento pessoal. Leia mais!\" \/>\n<meta property=\"og:url\" content=\"https:\/\/www.mindself.com.br\/en\/post\/a-vida-pede-equilibrio-janeiro-branco\/\" \/>\n<meta property=\"og:site_name\" content=\"MINDSELF\" \/>\n<meta property=\"article:publisher\" content=\"https:\/\/www.facebook.com\/mindselfmeditacao\" \/>\n<meta property=\"article:published_time\" content=\"2023-01-31T23:35:32+00:00\" \/>\n<meta property=\"article:modified_time\" content=\"2023-02-01T00:01:37+00:00\" \/>\n<meta property=\"og:image\" content=\"https:\/\/www.mindself.com.br\/wp-content\/uploads\/2023\/01\/WhatsApp-Image-2023-01-31-at-8.29.46-PM.jpeg\" \/>\n\t<meta property=\"og:image:width\" content=\"1253\" \/>\n\t<meta property=\"og:image:height\" content=\"836\" \/>\n\t<meta property=\"og:image:type\" content=\"image\/jpeg\" \/>\n<meta name=\"author\" content=\"mindself\" \/>\n<meta name=\"twitter:card\" content=\"summary_large_image\" \/>\n<meta name=\"twitter:label1\" content=\"Written by\" \/>\n\t<meta name=\"twitter:data1\" content=\"mindself\" \/>\n\t<meta name=\"twitter:label2\" content=\"Est. reading time\" \/>\n\t<meta name=\"twitter:data2\" content=\"2 minutes\" \/>\n<script type=\"application\/ld+json\" class=\"yoast-schema-graph\">{\"@context\":\"https:\\\/\\\/schema.org\",\"@graph\":[{\"@type\":\"Article\",\"@id\":\"https:\\\/\\\/www.mindself.com.br\\\/post\\\/a-vida-pede-equilibrio-janeiro-branco\\\/#article\",\"isPartOf\":{\"@id\":\"https:\\\/\\\/www.mindself.com.br\\\/post\\\/a-vida-pede-equilibrio-janeiro-branco\\\/\"},\"author\":{\"name\":\"mindself\",\"@id\":\"https:\\\/\\\/www.mindself.com.br\\\/en\\\/#\\\/schema\\\/person\\\/21511da00f6e56a4d61d031e75683709\"},\"headline\":\"A Vida pede Equil\u00edbrio &#8211; Janeiro Branco\",\"datePublished\":\"2023-01-31T23:35:32+00:00\",\"dateModified\":\"2023-02-01T00:01:37+00:00\",\"mainEntityOfPage\":{\"@id\":\"https:\\\/\\\/www.mindself.com.br\\\/post\\\/a-vida-pede-equilibrio-janeiro-branco\\\/\"},\"wordCount\":442,\"commentCount\":0,\"publisher\":{\"@id\":\"https:\\\/\\\/www.mindself.com.br\\\/en\\\/#organization\"},\"image\":{\"@id\":\"https:\\\/\\\/www.mindself.com.br\\\/post\\\/a-vida-pede-equilibrio-janeiro-branco\\\/#primaryimage\"},\"thumbnailUrl\":\"https:\\\/\\\/www.mindself.com.br\\\/wp-content\\\/uploads\\\/2023\\\/01\\\/WhatsApp-Image-2023-01-31-at-8.29.46-PM.jpeg\",\"keywords\":[\"a vida pede equilibrio\",\"janeiro branco\"],\"inLanguage\":\"en-US\"},{\"@type\":\"WebPage\",\"@id\":\"https:\\\/\\\/www.mindself.com.br\\\/post\\\/a-vida-pede-equilibrio-janeiro-branco\\\/\",\"url\":\"https:\\\/\\\/www.mindself.com.br\\\/post\\\/a-vida-pede-equilibrio-janeiro-branco\\\/\",\"name\":\"A Vida pede Equil\u00edbrio - Janeiro Branco - MINDSELF\",\"isPartOf\":{\"@id\":\"https:\\\/\\\/www.mindself.com.br\\\/en\\\/#website\"},\"primaryImageOfPage\":{\"@id\":\"https:\\\/\\\/www.mindself.com.br\\\/post\\\/a-vida-pede-equilibrio-janeiro-branco\\\/#primaryimage\"},\"image\":{\"@id\":\"https:\\\/\\\/www.mindself.com.br\\\/post\\\/a-vida-pede-equilibrio-janeiro-branco\\\/#primaryimage\"},\"thumbnailUrl\":\"https:\\\/\\\/www.mindself.com.br\\\/wp-content\\\/uploads\\\/2023\\\/01\\\/WhatsApp-Image-2023-01-31-at-8.29.46-PM.jpeg\",\"datePublished\":\"2023-01-31T23:35:32+00:00\",\"dateModified\":\"2023-02-01T00:01:37+00:00\",\"description\":\"Neste artigo trataremos sobre \\\"A Vida pede Equil\u00edbrio - Janeiro Branco\\\" atrav\u00e9s da vis\u00e3o de praticantes de medita\u00e7\u00e3o e especialistas em desenvolvimento pessoal. Leia mais!\",\"breadcrumb\":{\"@id\":\"https:\\\/\\\/www.mindself.com.br\\\/post\\\/a-vida-pede-equilibrio-janeiro-branco\\\/#breadcrumb\"},\"inLanguage\":\"en-US\",\"potentialAction\":[{\"@type\":\"ReadAction\",\"target\":[\"https:\\\/\\\/www.mindself.com.br\\\/post\\\/a-vida-pede-equilibrio-janeiro-branco\\\/\"]}]},{\"@type\":\"ImageObject\",\"inLanguage\":\"en-US\",\"@id\":\"https:\\\/\\\/www.mindself.com.br\\\/post\\\/a-vida-pede-equilibrio-janeiro-branco\\\/#primaryimage\",\"url\":\"https:\\\/\\\/www.mindself.com.br\\\/wp-content\\\/uploads\\\/2023\\\/01\\\/WhatsApp-Image-2023-01-31-at-8.29.46-PM.jpeg\",\"contentUrl\":\"https:\\\/\\\/www.mindself.com.br\\\/wp-content\\\/uploads\\\/2023\\\/01\\\/WhatsApp-Image-2023-01-31-at-8.29.46-PM.jpeg\",\"width\":1253,\"height\":836,\"caption\":\"janeiro branco\"},{\"@type\":\"BreadcrumbList\",\"@id\":\"https:\\\/\\\/www.mindself.com.br\\\/post\\\/a-vida-pede-equilibrio-janeiro-branco\\\/#breadcrumb\",\"itemListElement\":[{\"@type\":\"ListItem\",\"position\":1,\"name\":\"In\u00edcio\",\"item\":\"https:\\\/\\\/www.mindself.com.br\\\/\"},{\"@type\":\"ListItem\",\"position\":2,\"name\":\"A Vida pede Equil\u00edbrio &#8211; Janeiro Branco\"}]},{\"@type\":\"WebSite\",\"@id\":\"https:\\\/\\\/www.mindself.com.br\\\/en\\\/#website\",\"url\":\"https:\\\/\\\/www.mindself.com.br\\\/en\\\/\",\"name\":\"MINDSELF\",\"description\":\"\",\"publisher\":{\"@id\":\"https:\\\/\\\/www.mindself.com.br\\\/en\\\/#organization\"},\"potentialAction\":[{\"@type\":\"SearchAction\",\"target\":{\"@type\":\"EntryPoint\",\"urlTemplate\":\"https:\\\/\\\/www.mindself.com.br\\\/en\\\/?s={search_term_string}\"},\"query-input\":{\"@type\":\"PropertyValueSpecification\",\"valueRequired\":true,\"valueName\":\"search_term_string\"}}],\"inLanguage\":\"en-US\"},{\"@type\":\"Organization\",\"@id\":\"https:\\\/\\\/www.mindself.com.br\\\/en\\\/#organization\",\"name\":\"MINDSELF\",\"url\":\"https:\\\/\\\/www.mindself.com.br\\\/en\\\/\",\"logo\":{\"@type\":\"ImageObject\",\"inLanguage\":\"en-US\",\"@id\":\"https:\\\/\\\/www.mindself.com.br\\\/en\\\/#\\\/schema\\\/logo\\\/image\\\/\",\"url\":\"https:\\\/\\\/www.mindself.com.br\\\/wp-content\\\/uploads\\\/2018\\\/09\\\/frame-164451.png\",\"contentUrl\":\"https:\\\/\\\/www.mindself.com.br\\\/wp-content\\\/uploads\\\/2018\\\/09\\\/frame-164451.png\",\"width\":306,\"height\":42,\"caption\":\"MINDSELF\"},\"image\":{\"@id\":\"https:\\\/\\\/www.mindself.com.br\\\/en\\\/#\\\/schema\\\/logo\\\/image\\\/\"},\"sameAs\":[\"https:\\\/\\\/www.facebook.com\\\/mindselfmeditacao\",\"https:\\\/\\\/www.instagram.com\\\/mindself_meditacao\\\/\",\"https:\\\/\\\/www.linkedin.com\\\/company\\\/mindself\\\/\"]},{\"@type\":\"Person\",\"@id\":\"https:\\\/\\\/www.mindself.com.br\\\/en\\\/#\\\/schema\\\/person\\\/21511da00f6e56a4d61d031e75683709\",\"name\":\"mindself\",\"url\":\"https:\\\/\\\/www.mindself.com.br\\\/en\\\/post\\\/author\\\/mindself\\\/\"}]}<\/script>\n<!-- \/ Yoast SEO plugin. -->","yoast_head_json":{"title":"A Vida pede Equil\u00edbrio - Janeiro Branco - MINDSELF","description":"Neste artigo trataremos sobre \"A Vida pede Equil\u00edbrio - Janeiro Branco\" atrav\u00e9s da vis\u00e3o de praticantes de medita\u00e7\u00e3o e especialistas em desenvolvimento pessoal. Leia mais!","robots":{"index":"index","follow":"follow","max-snippet":"max-snippet:-1","max-image-preview":"max-image-preview:large","max-video-preview":"max-video-preview:-1"},"canonical":"https:\/\/www.mindself.com.br\/en\/post\/a-vida-pede-equilibrio-janeiro-branco\/","og_locale":"en_US","og_type":"article","og_title":"A Vida pede Equil\u00edbrio - Janeiro Branco - MINDSELF","og_description":"Neste artigo trataremos sobre \"A Vida pede Equil\u00edbrio - Janeiro Branco\" atrav\u00e9s da vis\u00e3o de praticantes de medita\u00e7\u00e3o e especialistas em desenvolvimento pessoal. Leia mais!","og_url":"https:\/\/www.mindself.com.br\/en\/post\/a-vida-pede-equilibrio-janeiro-branco\/","og_site_name":"MINDSELF","article_publisher":"https:\/\/www.facebook.com\/mindselfmeditacao","article_published_time":"2023-01-31T23:35:32+00:00","article_modified_time":"2023-02-01T00:01:37+00:00","og_image":[{"width":1253,"height":836,"url":"https:\/\/www.mindself.com.br\/wp-content\/uploads\/2023\/01\/WhatsApp-Image-2023-01-31-at-8.29.46-PM.jpeg","type":"image\/jpeg"}],"author":"mindself","twitter_card":"summary_large_image","twitter_misc":{"Written by":"mindself","Est. reading time":"2 minutes"},"schema":{"@context":"https:\/\/schema.org","@graph":[{"@type":"Article","@id":"https:\/\/www.mindself.com.br\/post\/a-vida-pede-equilibrio-janeiro-branco\/#article","isPartOf":{"@id":"https:\/\/www.mindself.com.br\/post\/a-vida-pede-equilibrio-janeiro-branco\/"},"author":{"name":"mindself","@id":"https:\/\/www.mindself.com.br\/en\/#\/schema\/person\/21511da00f6e56a4d61d031e75683709"},"headline":"A Vida pede Equil\u00edbrio &#8211; Janeiro Branco","datePublished":"2023-01-31T23:35:32+00:00","dateModified":"2023-02-01T00:01:37+00:00","mainEntityOfPage":{"@id":"https:\/\/www.mindself.com.br\/post\/a-vida-pede-equilibrio-janeiro-branco\/"},"wordCount":442,"commentCount":0,"publisher":{"@id":"https:\/\/www.mindself.com.br\/en\/#organization"},"image":{"@id":"https:\/\/www.mindself.com.br\/post\/a-vida-pede-equilibrio-janeiro-branco\/#primaryimage"},"thumbnailUrl":"https:\/\/www.mindself.com.br\/wp-content\/uploads\/2023\/01\/WhatsApp-Image-2023-01-31-at-8.29.46-PM.jpeg","keywords":["a vida pede equilibrio","janeiro branco"],"inLanguage":"en-US"},{"@type":"WebPage","@id":"https:\/\/www.mindself.com.br\/post\/a-vida-pede-equilibrio-janeiro-branco\/","url":"https:\/\/www.mindself.com.br\/post\/a-vida-pede-equilibrio-janeiro-branco\/","name":"A Vida pede Equil\u00edbrio - Janeiro Branco - MINDSELF","isPartOf":{"@id":"https:\/\/www.mindself.com.br\/en\/#website"},"primaryImageOfPage":{"@id":"https:\/\/www.mindself.com.br\/post\/a-vida-pede-equilibrio-janeiro-branco\/#primaryimage"},"image":{"@id":"https:\/\/www.mindself.com.br\/post\/a-vida-pede-equilibrio-janeiro-branco\/#primaryimage"},"thumbnailUrl":"https:\/\/www.mindself.com.br\/wp-content\/uploads\/2023\/01\/WhatsApp-Image-2023-01-31-at-8.29.46-PM.jpeg","datePublished":"2023-01-31T23:35:32+00:00","dateModified":"2023-02-01T00:01:37+00:00","description":"Neste artigo trataremos sobre \"A Vida pede Equil\u00edbrio - Janeiro Branco\" atrav\u00e9s da vis\u00e3o de praticantes de medita\u00e7\u00e3o e especialistas em desenvolvimento pessoal. Leia mais!","breadcrumb":{"@id":"https:\/\/www.mindself.com.br\/post\/a-vida-pede-equilibrio-janeiro-branco\/#breadcrumb"},"inLanguage":"en-US","potentialAction":[{"@type":"ReadAction","target":["https:\/\/www.mindself.com.br\/post\/a-vida-pede-equilibrio-janeiro-branco\/"]}]},{"@type":"ImageObject","inLanguage":"en-US","@id":"https:\/\/www.mindself.com.br\/post\/a-vida-pede-equilibrio-janeiro-branco\/#primaryimage","url":"https:\/\/www.mindself.com.br\/wp-content\/uploads\/2023\/01\/WhatsApp-Image-2023-01-31-at-8.29.46-PM.jpeg","contentUrl":"https:\/\/www.mindself.com.br\/wp-content\/uploads\/2023\/01\/WhatsApp-Image-2023-01-31-at-8.29.46-PM.jpeg","width":1253,"height":836,"caption":"janeiro branco"},{"@type":"BreadcrumbList","@id":"https:\/\/www.mindself.com.br\/post\/a-vida-pede-equilibrio-janeiro-branco\/#breadcrumb","itemListElement":[{"@type":"ListItem","position":1,"name":"In\u00edcio","item":"https:\/\/www.mindself.com.br\/"},{"@type":"ListItem","position":2,"name":"A Vida pede Equil\u00edbrio &#8211; Janeiro Branco"}]},{"@type":"WebSite","@id":"https:\/\/www.mindself.com.br\/en\/#website","url":"https:\/\/www.mindself.com.br\/en\/","name":"MINDSELF","description":"","publisher":{"@id":"https:\/\/www.mindself.com.br\/en\/#organization"},"potentialAction":[{"@type":"SearchAction","target":{"@type":"EntryPoint","urlTemplate":"https:\/\/www.mindself.com.br\/en\/?s={search_term_string}"},"query-input":{"@type":"PropertyValueSpecification","valueRequired":true,"valueName":"search_term_string"}}],"inLanguage":"en-US"},{"@type":"Organization","@id":"https:\/\/www.mindself.com.br\/en\/#organization","name":"MINDSELF","url":"https:\/\/www.mindself.com.br\/en\/","logo":{"@type":"ImageObject","inLanguage":"en-US","@id":"https:\/\/www.mindself.com.br\/en\/#\/schema\/logo\/image\/","url":"https:\/\/www.mindself.com.br\/wp-content\/uploads\/2018\/09\/frame-164451.png","contentUrl":"https:\/\/www.mindself.com.br\/wp-content\/uploads\/2018\/09\/frame-164451.png","width":306,"height":42,"caption":"MINDSELF"},"image":{"@id":"https:\/\/www.mindself.com.br\/en\/#\/schema\/logo\/image\/"},"sameAs":["https:\/\/www.facebook.com\/mindselfmeditacao","https:\/\/www.instagram.com\/mindself_meditacao\/","https:\/\/www.linkedin.com\/company\/mindself\/"]},{"@type":"Person","@id":"https:\/\/www.mindself.com.br\/en\/#\/schema\/person\/21511da00f6e56a4d61d031e75683709","name":"mindself","url":"https:\/\/www.mindself.com.br\/en\/post\/author\/mindself\/"}]}},"_links":{"self":[{"href":"https:\/\/www.mindself.com.br\/en\/wp-json\/wp\/v2\/posts\/2887","targetHints":{"allow":["GET"]}}],"collection":[{"href":"https:\/\/www.mindself.com.br\/en\/wp-json\/wp\/v2\/posts"}],"about":[{"href":"https:\/\/www.mindself.com.br\/en\/wp-json\/wp\/v2\/types\/post"}],"author":[{"embeddable":true,"href":"https:\/\/www.mindself.com.br\/en\/wp-json\/wp\/v2\/users\/17"}],"replies":[{"embeddable":true,"href":"https:\/\/www.mindself.com.br\/en\/wp-json\/wp\/v2\/comments?post=2887"}],"version-history":[{"count":3,"href":"https:\/\/www.mindself.com.br\/en\/wp-json\/wp\/v2\/posts\/2887\/revisions"}],"predecessor-version":[{"id":2891,"href":"https:\/\/www.mindself.com.br\/en\/wp-json\/wp\/v2\/posts\/2887\/revisions\/2891"}],"wp:featuredmedia":[{"embeddable":true,"href":"https:\/\/www.mindself.com.br\/en\/wp-json\/wp\/v2\/media\/2888"}],"wp:attachment":[{"href":"https:\/\/www.mindself.com.br\/en\/wp-json\/wp\/v2\/media?parent=2887"}],"wp:term":[{"taxonomy":"category","embeddable":true,"href":"https:\/\/www.mindself.com.br\/en\/wp-json\/wp\/v2\/categories?post=2887"},{"taxonomy":"post_tag","embeddable":true,"href":"https:\/\/www.mindself.com.br\/en\/wp-json\/wp\/v2\/tags?post=2887"}],"curies":[{"name":"wp","href":"https:\/\/api.w.org\/{rel}","templated":true}]}}