{"id":2710,"date":"2022-08-05T19:57:16","date_gmt":"2022-08-05T22:57:16","guid":{"rendered":"https:\/\/www.mindself.com.br\/?p=2710"},"modified":"2022-08-05T19:57:16","modified_gmt":"2022-08-05T22:57:16","slug":"como-estimular-a-meditacao-entre-os-colaboradores","status":"publish","type":"post","link":"https:\/\/www.mindself.com.br\/en\/post\/como-estimular-a-meditacao-entre-os-colaboradores\/","title":{"rendered":"Como estimular a medita\u00e7\u00e3o entre os colaboradores?"},"content":{"rendered":"<p><span style=\"font-weight: 400;\">Muito se fala sobre como a medita\u00e7\u00e3o pode ajudar, e muito, a vida corporativa. Isso acontece por conta dos v\u00e1rios benef\u00edcios que essa pr\u00e1tica pode trazer, segundo estudos nacionais e internacionais. No entanto, como esse m\u00e9todo pode ser implantado de forma confort\u00e1vel para os colaboradores?<\/span><\/p>\n<p><span style=\"font-weight: 400;\">Algumas pessoas podem se sentir pressionadas a meditar, outras podem fazer algum tipo de rela\u00e7\u00e3o entre medita\u00e7\u00e3o e religi\u00e3o. Por\u00e9m, h\u00e1 tempos que a medita\u00e7\u00e3o se desprendeu destes conceitos, hoje a medita\u00e7\u00e3o \u00e9 apenas uma forma de exercitar a mente, o foco e a clareza mental, sendo associada ao equil\u00edbrio emocional e \u00e0 preven\u00e7\u00e3o de doen\u00e7as psicoemocionais.\u00a0<\/span><\/p>\n<p><b>Mas como explicar aos colaboradores?<\/b><\/p>\n<p><span style=\"font-weight: 400;\">Voc\u00ea n\u00e3o ter\u00e1 de convencer seus colaboradores, por\u00e9m alguns podem parecer mais receosos. Nesta ocasi\u00e3o, o interessante \u00e9 saber o que seus colaboradores pensam sobre a pr\u00e1tica. Uma pesquisa de clima pode ajudar, ou at\u00e9 mesmo abordar o assunto em feedbacks e avalia\u00e7\u00f5es de desempenho. Tais medidas podem te ajudar a conhecer melhor seus liderados e saber qual a melhor abordagem.<\/span><\/p>\n<p><span style=\"font-weight: 400;\">Uma vez que voc\u00ea j\u00e1 sabe a opini\u00e3o dos colaboradores, e ap\u00f3s considerar a maioria, \u00e9 indicado ter em mente um diagn\u00f3stico, como um raio-x da sa\u00fade mental de cada indiv\u00edduo, para ent\u00e3o tra\u00e7ar uma estrat\u00e9gia ideal.\u00a0<\/span><\/p>\n<p>&nbsp;<\/p>\n<p><b>Implementa\u00e7\u00e3o do in\u00edcio\u00a0<\/b><\/p>\n<p><span style=\"font-weight: 400;\">A MINDSELF trabalha com diversos programas corporativos para ajudar as organiza\u00e7\u00f5es na tarefa de estimular a medita\u00e7\u00e3o entre os colaboradores, com foco em melhorar a sa\u00fade mental dos profissionais. Conhe\u00e7a alguns servi\u00e7os que podem compor os programas:<\/span><\/p>\n<p><b>IMEPP:<\/b><span style=\"font-weight: 400;\"> o \u00cdndice MINDSELF de Equil\u00edbrio Pessoal e Profissional permite uma avalia\u00e7\u00e3o da qualidade de vida e do n\u00edvel de equil\u00edbrio emocional dos colaboradores na sua organiza\u00e7\u00e3o. Consiste em uma autoavalia\u00e7\u00e3o individual e pessoal sobre aspectos de uma vida equilibrada, trazendo consci\u00eancia sobre o estado atual, para provocar reflex\u00e3o e oportunidades de melhoria ao colaborador.\u00a0<\/span><\/p>\n<p><b>Sess\u00f5es Guiadas:<\/b><span style=\"font-weight: 400;\"> os programas de sess\u00f5es guiadas combinam diferentes pr\u00e1ticas meditativas e ajudam a criar o h\u00e1bito de meditar. Cada sess\u00e3o pode ser realizada de forma online ou ao vivo, com 15 minutos de dura\u00e7\u00e3o e s\u00e3o conduzidas por\u00a0 instrutores qualificados e experientes.\u00a0<\/span><\/p>\n<p><b>Palestras:<\/b><span style=\"font-weight: 400;\"> a MINDSELF realiza palestras sobre controle da ansiedade, equil\u00edbrio emocional, felicidade, benef\u00edcios da medita\u00e7\u00e3o e mindfulness, burnout, forma\u00e7\u00e3o de h\u00e1bitos positivos, entre outros temas, que podem ajudar a melhorar a sa\u00fade mental dos seus colaboradores.<\/span><\/p>\n<p><b>Cursos: <\/b><span style=\"font-weight: 400;\">j\u00e1 o Curso de Medita\u00e7\u00e3o e Mindfulness trabalha com o conceito do desenvolvimento da Intelig\u00eancia Emocional, atrav\u00e9s de exerc\u00edcios baseados em medita\u00e7\u00f5es que podem ajudar a ampliar o autoconhecimento e o foco. Al\u00e9m disso, a pr\u00e1tica pode auxiliar a melhorar a capacidade de relacionamento, bem como o trabalho em equipe.\u00a0<\/span><\/p>\n<p><b>Workshop:<\/b><span style=\"font-weight: 400;\"> por meio do Workshop \u2018\u2019Mindful Leadership\u2019\u2019, \u00e9 poss\u00edvel aprimorar habilidades de intelig\u00eancia emocional para uma lideran\u00e7a mais humana e eficiente, com maior capacidade de lidar com os desafios e press\u00f5es do dia a dia, al\u00e9m disso, os l\u00edderes podem desenvolver mais clareza para as tomadas de decis\u00e3o e cultivar melhores relacionamentos com as equipes.<\/span><\/p>\n<p><b>Aplicativo:<\/b><span style=\"font-weight: 400;\"> O APP MINDSELF MeDiT ajuda o colaborador a incorporar o h\u00e1bito da medita\u00e7\u00e3o em sua vida, permitindo o uso a qualquer momento. Simples e intuitivo, possui pr\u00e1ticas guiadas, sons para meditar e um conte\u00fado moderno do Curso MINDSELF de Medita\u00e7\u00e3o e Mindfulness pr\u00f3prio da MINDSELF. Al\u00e9m disso, fornece um relat\u00f3rio gerencial para acompanhamento da utiliza\u00e7\u00e3o e gest\u00e3o do engajamento. Dispon\u00edvel para Android e iOS.<\/span><\/p>\n<p><span style=\"font-weight: 400;\">Esta\u00e7\u00f5es de Medita\u00e7\u00e3o: permite que o colaborador fa\u00e7a uma pausa saud\u00e1vel durante o dia a dia de trabalho, atrav\u00e9s de uma pr\u00e1tica simples, guiada ou n\u00e3o guiada dentro da empresa e no hor\u00e1rio que desejar, al\u00e9m de ocupar um espa\u00e7o muito pequeno no ambiente.<\/span><\/p>\n<p><span style=\"font-weight: 400;\">Caso sua organiza\u00e7\u00e3o esteja interessada em inserir a pr\u00e1tica meditativa no dia a dia, entre em contato conosco. Mas lembre-se sempre de manter seu colaborador confort\u00e1vel e promover atividades que proporcionem o equil\u00edbrio emocional, pois essas iniciativas tamb\u00e9m promovem a melhora da sa\u00fade mental e do desempenho dos profissionais. <\/span><\/p>","protected":false},"excerpt":{"rendered":"<p>Muito se fala sobre como a medita\u00e7\u00e3o pode ajudar, e muito, a vida corporativa. Isso acontece por conta dos v\u00e1rios benef\u00edcios que essa pr\u00e1tica pode trazer, segundo estudos nacionais e internacionais. No entanto, como esse m\u00e9todo pode ser implantado de forma confort\u00e1vel para os colaboradores? Algumas pessoas podem se sentir pressionadas a meditar, outras podem [&hellip;]<\/p>\n","protected":false},"author":17,"featured_media":2711,"comment_status":"open","ping_status":"open","sticky":false,"template":"","format":"standard","meta":{"footnotes":""},"categories":[1],"tags":[],"class_list":["post-2710","post","type-post","status-publish","format-standard","has-post-thumbnail","hentry","category-uncategorized"],"yoast_head":"<!-- This site is optimized with the Yoast SEO plugin v27.4 - https:\/\/yoast.com\/product\/yoast-seo-wordpress\/ -->\n<title>Como estimular a medita\u00e7\u00e3o entre os colaboradores? - MINDSELF<\/title>\n<meta name=\"description\" content=\"Neste artigo trataremos sobre &quot;Como estimular a medita\u00e7\u00e3o entre os colaboradores?&quot; atrav\u00e9s da vis\u00e3o de praticantes de medita\u00e7\u00e3o e especialistas em desenvolvimento pessoal. Leia mais!\" \/>\n<meta name=\"robots\" content=\"index, follow, max-snippet:-1, max-image-preview:large, max-video-preview:-1\" \/>\n<link rel=\"canonical\" href=\"https:\/\/www.mindself.com.br\/en\/post\/como-estimular-a-meditacao-entre-os-colaboradores\/\" \/>\n<meta property=\"og:locale\" content=\"en_US\" \/>\n<meta property=\"og:type\" content=\"article\" \/>\n<meta property=\"og:title\" content=\"Como estimular a medita\u00e7\u00e3o entre os colaboradores? - MINDSELF\" \/>\n<meta property=\"og:description\" content=\"Neste artigo trataremos sobre &quot;Como estimular a medita\u00e7\u00e3o entre os colaboradores?&quot; atrav\u00e9s da vis\u00e3o de praticantes de medita\u00e7\u00e3o e especialistas em desenvolvimento pessoal. Leia mais!\" \/>\n<meta property=\"og:url\" content=\"https:\/\/www.mindself.com.br\/en\/post\/como-estimular-a-meditacao-entre-os-colaboradores\/\" \/>\n<meta property=\"og:site_name\" content=\"MINDSELF\" \/>\n<meta property=\"article:publisher\" content=\"https:\/\/www.facebook.com\/mindselfmeditacao\" \/>\n<meta property=\"article:published_time\" content=\"2022-08-05T22:57:16+00:00\" \/>\n<meta property=\"og:image\" content=\"https:\/\/www.mindself.com.br\/wp-content\/uploads\/2022\/08\/Post-Instagram-Empresa-De-TI-Tecnologia-Vagas-Falsas-Em-Plataformas-Online-Azul-Verde-1-1.png\" \/>\n\t<meta property=\"og:image:width\" content=\"1200\" \/>\n\t<meta property=\"og:image:height\" content=\"627\" \/>\n\t<meta property=\"og:image:type\" content=\"image\/png\" \/>\n<meta name=\"author\" content=\"mindself\" \/>\n<meta name=\"twitter:card\" content=\"summary_large_image\" \/>\n<meta name=\"twitter:label1\" content=\"Written by\" \/>\n\t<meta name=\"twitter:data1\" content=\"mindself\" \/>\n\t<meta name=\"twitter:label2\" content=\"Est. reading time\" \/>\n\t<meta name=\"twitter:data2\" content=\"4 minutes\" \/>\n<script type=\"application\/ld+json\" class=\"yoast-schema-graph\">{\"@context\":\"https:\\\/\\\/schema.org\",\"@graph\":[{\"@type\":\"Article\",\"@id\":\"https:\\\/\\\/www.mindself.com.br\\\/post\\\/como-estimular-a-meditacao-entre-os-colaboradores\\\/#article\",\"isPartOf\":{\"@id\":\"https:\\\/\\\/www.mindself.com.br\\\/post\\\/como-estimular-a-meditacao-entre-os-colaboradores\\\/\"},\"author\":{\"name\":\"mindself\",\"@id\":\"https:\\\/\\\/www.mindself.com.br\\\/en\\\/#\\\/schema\\\/person\\\/f05e4f1b257b4f5f5f436585abc8508a\"},\"headline\":\"Como estimular a medita\u00e7\u00e3o entre os colaboradores?\",\"datePublished\":\"2022-08-05T22:57:16+00:00\",\"mainEntityOfPage\":{\"@id\":\"https:\\\/\\\/www.mindself.com.br\\\/post\\\/como-estimular-a-meditacao-entre-os-colaboradores\\\/\"},\"wordCount\":743,\"commentCount\":0,\"publisher\":{\"@id\":\"https:\\\/\\\/www.mindself.com.br\\\/en\\\/#organization\"},\"image\":{\"@id\":\"https:\\\/\\\/www.mindself.com.br\\\/post\\\/como-estimular-a-meditacao-entre-os-colaboradores\\\/#primaryimage\"},\"thumbnailUrl\":\"https:\\\/\\\/www.mindself.com.br\\\/wp-content\\\/uploads\\\/2022\\\/08\\\/Post-Instagram-Empresa-De-TI-Tecnologia-Vagas-Falsas-Em-Plataformas-Online-Azul-Verde-1-1.png\",\"inLanguage\":\"en-US\"},{\"@type\":\"WebPage\",\"@id\":\"https:\\\/\\\/www.mindself.com.br\\\/post\\\/como-estimular-a-meditacao-entre-os-colaboradores\\\/\",\"url\":\"https:\\\/\\\/www.mindself.com.br\\\/post\\\/como-estimular-a-meditacao-entre-os-colaboradores\\\/\",\"name\":\"Como estimular a medita\u00e7\u00e3o entre os colaboradores? - MINDSELF\",\"isPartOf\":{\"@id\":\"https:\\\/\\\/www.mindself.com.br\\\/en\\\/#website\"},\"primaryImageOfPage\":{\"@id\":\"https:\\\/\\\/www.mindself.com.br\\\/post\\\/como-estimular-a-meditacao-entre-os-colaboradores\\\/#primaryimage\"},\"image\":{\"@id\":\"https:\\\/\\\/www.mindself.com.br\\\/post\\\/como-estimular-a-meditacao-entre-os-colaboradores\\\/#primaryimage\"},\"thumbnailUrl\":\"https:\\\/\\\/www.mindself.com.br\\\/wp-content\\\/uploads\\\/2022\\\/08\\\/Post-Instagram-Empresa-De-TI-Tecnologia-Vagas-Falsas-Em-Plataformas-Online-Azul-Verde-1-1.png\",\"datePublished\":\"2022-08-05T22:57:16+00:00\",\"description\":\"Neste artigo trataremos sobre \\\"Como estimular a medita\u00e7\u00e3o entre os colaboradores?\\\" atrav\u00e9s da vis\u00e3o de praticantes de medita\u00e7\u00e3o e especialistas em desenvolvimento pessoal. Leia mais!\",\"breadcrumb\":{\"@id\":\"https:\\\/\\\/www.mindself.com.br\\\/post\\\/como-estimular-a-meditacao-entre-os-colaboradores\\\/#breadcrumb\"},\"inLanguage\":\"en-US\",\"potentialAction\":[{\"@type\":\"ReadAction\",\"target\":[\"https:\\\/\\\/www.mindself.com.br\\\/post\\\/como-estimular-a-meditacao-entre-os-colaboradores\\\/\"]}]},{\"@type\":\"ImageObject\",\"inLanguage\":\"en-US\",\"@id\":\"https:\\\/\\\/www.mindself.com.br\\\/post\\\/como-estimular-a-meditacao-entre-os-colaboradores\\\/#primaryimage\",\"url\":\"https:\\\/\\\/www.mindself.com.br\\\/wp-content\\\/uploads\\\/2022\\\/08\\\/Post-Instagram-Empresa-De-TI-Tecnologia-Vagas-Falsas-Em-Plataformas-Online-Azul-Verde-1-1.png\",\"contentUrl\":\"https:\\\/\\\/www.mindself.com.br\\\/wp-content\\\/uploads\\\/2022\\\/08\\\/Post-Instagram-Empresa-De-TI-Tecnologia-Vagas-Falsas-Em-Plataformas-Online-Azul-Verde-1-1.png\",\"width\":1200,\"height\":627,\"caption\":\"Post Instagram Empresa De TI Tecnologia Vagas Falsas Em Plataformas Online Azul Verde\"},{\"@type\":\"BreadcrumbList\",\"@id\":\"https:\\\/\\\/www.mindself.com.br\\\/post\\\/como-estimular-a-meditacao-entre-os-colaboradores\\\/#breadcrumb\",\"itemListElement\":[{\"@type\":\"ListItem\",\"position\":1,\"name\":\"In\u00edcio\",\"item\":\"https:\\\/\\\/www.mindself.com.br\\\/\"},{\"@type\":\"ListItem\",\"position\":2,\"name\":\"Como estimular a medita\u00e7\u00e3o entre os colaboradores?\"}]},{\"@type\":\"WebSite\",\"@id\":\"https:\\\/\\\/www.mindself.com.br\\\/en\\\/#website\",\"url\":\"https:\\\/\\\/www.mindself.com.br\\\/en\\\/\",\"name\":\"MINDSELF\",\"description\":\"\",\"publisher\":{\"@id\":\"https:\\\/\\\/www.mindself.com.br\\\/en\\\/#organization\"},\"potentialAction\":[{\"@type\":\"SearchAction\",\"target\":{\"@type\":\"EntryPoint\",\"urlTemplate\":\"https:\\\/\\\/www.mindself.com.br\\\/en\\\/?s={search_term_string}\"},\"query-input\":{\"@type\":\"PropertyValueSpecification\",\"valueRequired\":true,\"valueName\":\"search_term_string\"}}],\"inLanguage\":\"en-US\"},{\"@type\":\"Organization\",\"@id\":\"https:\\\/\\\/www.mindself.com.br\\\/en\\\/#organization\",\"name\":\"MINDSELF\",\"url\":\"https:\\\/\\\/www.mindself.com.br\\\/en\\\/\",\"logo\":{\"@type\":\"ImageObject\",\"inLanguage\":\"en-US\",\"@id\":\"https:\\\/\\\/www.mindself.com.br\\\/en\\\/#\\\/schema\\\/logo\\\/image\\\/\",\"url\":\"https:\\\/\\\/www.mindself.com.br\\\/wp-content\\\/uploads\\\/2018\\\/09\\\/frame-164451.png\",\"contentUrl\":\"https:\\\/\\\/www.mindself.com.br\\\/wp-content\\\/uploads\\\/2018\\\/09\\\/frame-164451.png\",\"width\":306,\"height\":42,\"caption\":\"MINDSELF\"},\"image\":{\"@id\":\"https:\\\/\\\/www.mindself.com.br\\\/en\\\/#\\\/schema\\\/logo\\\/image\\\/\"},\"sameAs\":[\"https:\\\/\\\/www.facebook.com\\\/mindselfmeditacao\",\"https:\\\/\\\/www.instagram.com\\\/mindself_meditacao\\\/\",\"https:\\\/\\\/www.linkedin.com\\\/company\\\/mindself\\\/\"]},{\"@type\":\"Person\",\"@id\":\"https:\\\/\\\/www.mindself.com.br\\\/en\\\/#\\\/schema\\\/person\\\/f05e4f1b257b4f5f5f436585abc8508a\",\"name\":\"mindself\",\"url\":\"https:\\\/\\\/www.mindself.com.br\\\/en\\\/post\\\/author\\\/mindself\\\/\"}]}<\/script>\n<!-- \/ Yoast SEO plugin. -->","yoast_head_json":{"title":"Como estimular a medita\u00e7\u00e3o entre os colaboradores? - MINDSELF","description":"Neste artigo trataremos sobre \"Como estimular a medita\u00e7\u00e3o entre os colaboradores?\" atrav\u00e9s da vis\u00e3o de praticantes de medita\u00e7\u00e3o e especialistas em desenvolvimento pessoal. Leia mais!","robots":{"index":"index","follow":"follow","max-snippet":"max-snippet:-1","max-image-preview":"max-image-preview:large","max-video-preview":"max-video-preview:-1"},"canonical":"https:\/\/www.mindself.com.br\/en\/post\/como-estimular-a-meditacao-entre-os-colaboradores\/","og_locale":"en_US","og_type":"article","og_title":"Como estimular a medita\u00e7\u00e3o entre os colaboradores? - MINDSELF","og_description":"Neste artigo trataremos sobre \"Como estimular a medita\u00e7\u00e3o entre os colaboradores?\" atrav\u00e9s da vis\u00e3o de praticantes de medita\u00e7\u00e3o e especialistas em desenvolvimento pessoal. Leia mais!","og_url":"https:\/\/www.mindself.com.br\/en\/post\/como-estimular-a-meditacao-entre-os-colaboradores\/","og_site_name":"MINDSELF","article_publisher":"https:\/\/www.facebook.com\/mindselfmeditacao","article_published_time":"2022-08-05T22:57:16+00:00","og_image":[{"width":1200,"height":627,"url":"https:\/\/www.mindself.com.br\/wp-content\/uploads\/2022\/08\/Post-Instagram-Empresa-De-TI-Tecnologia-Vagas-Falsas-Em-Plataformas-Online-Azul-Verde-1-1.png","type":"image\/png"}],"author":"mindself","twitter_card":"summary_large_image","twitter_misc":{"Written by":"mindself","Est. reading time":"4 minutes"},"schema":{"@context":"https:\/\/schema.org","@graph":[{"@type":"Article","@id":"https:\/\/www.mindself.com.br\/post\/como-estimular-a-meditacao-entre-os-colaboradores\/#article","isPartOf":{"@id":"https:\/\/www.mindself.com.br\/post\/como-estimular-a-meditacao-entre-os-colaboradores\/"},"author":{"name":"mindself","@id":"https:\/\/www.mindself.com.br\/en\/#\/schema\/person\/f05e4f1b257b4f5f5f436585abc8508a"},"headline":"Como estimular a medita\u00e7\u00e3o entre os colaboradores?","datePublished":"2022-08-05T22:57:16+00:00","mainEntityOfPage":{"@id":"https:\/\/www.mindself.com.br\/post\/como-estimular-a-meditacao-entre-os-colaboradores\/"},"wordCount":743,"commentCount":0,"publisher":{"@id":"https:\/\/www.mindself.com.br\/en\/#organization"},"image":{"@id":"https:\/\/www.mindself.com.br\/post\/como-estimular-a-meditacao-entre-os-colaboradores\/#primaryimage"},"thumbnailUrl":"https:\/\/www.mindself.com.br\/wp-content\/uploads\/2022\/08\/Post-Instagram-Empresa-De-TI-Tecnologia-Vagas-Falsas-Em-Plataformas-Online-Azul-Verde-1-1.png","inLanguage":"en-US"},{"@type":"WebPage","@id":"https:\/\/www.mindself.com.br\/post\/como-estimular-a-meditacao-entre-os-colaboradores\/","url":"https:\/\/www.mindself.com.br\/post\/como-estimular-a-meditacao-entre-os-colaboradores\/","name":"Como estimular a medita\u00e7\u00e3o entre os colaboradores? - MINDSELF","isPartOf":{"@id":"https:\/\/www.mindself.com.br\/en\/#website"},"primaryImageOfPage":{"@id":"https:\/\/www.mindself.com.br\/post\/como-estimular-a-meditacao-entre-os-colaboradores\/#primaryimage"},"image":{"@id":"https:\/\/www.mindself.com.br\/post\/como-estimular-a-meditacao-entre-os-colaboradores\/#primaryimage"},"thumbnailUrl":"https:\/\/www.mindself.com.br\/wp-content\/uploads\/2022\/08\/Post-Instagram-Empresa-De-TI-Tecnologia-Vagas-Falsas-Em-Plataformas-Online-Azul-Verde-1-1.png","datePublished":"2022-08-05T22:57:16+00:00","description":"Neste artigo trataremos sobre \"Como estimular a medita\u00e7\u00e3o entre os colaboradores?\" atrav\u00e9s da vis\u00e3o de praticantes de medita\u00e7\u00e3o e especialistas em desenvolvimento pessoal. Leia mais!","breadcrumb":{"@id":"https:\/\/www.mindself.com.br\/post\/como-estimular-a-meditacao-entre-os-colaboradores\/#breadcrumb"},"inLanguage":"en-US","potentialAction":[{"@type":"ReadAction","target":["https:\/\/www.mindself.com.br\/post\/como-estimular-a-meditacao-entre-os-colaboradores\/"]}]},{"@type":"ImageObject","inLanguage":"en-US","@id":"https:\/\/www.mindself.com.br\/post\/como-estimular-a-meditacao-entre-os-colaboradores\/#primaryimage","url":"https:\/\/www.mindself.com.br\/wp-content\/uploads\/2022\/08\/Post-Instagram-Empresa-De-TI-Tecnologia-Vagas-Falsas-Em-Plataformas-Online-Azul-Verde-1-1.png","contentUrl":"https:\/\/www.mindself.com.br\/wp-content\/uploads\/2022\/08\/Post-Instagram-Empresa-De-TI-Tecnologia-Vagas-Falsas-Em-Plataformas-Online-Azul-Verde-1-1.png","width":1200,"height":627,"caption":"Post Instagram Empresa De TI Tecnologia Vagas Falsas Em Plataformas Online Azul Verde"},{"@type":"BreadcrumbList","@id":"https:\/\/www.mindself.com.br\/post\/como-estimular-a-meditacao-entre-os-colaboradores\/#breadcrumb","itemListElement":[{"@type":"ListItem","position":1,"name":"In\u00edcio","item":"https:\/\/www.mindself.com.br\/"},{"@type":"ListItem","position":2,"name":"Como estimular a medita\u00e7\u00e3o entre os colaboradores?"}]},{"@type":"WebSite","@id":"https:\/\/www.mindself.com.br\/en\/#website","url":"https:\/\/www.mindself.com.br\/en\/","name":"MINDSELF","description":"","publisher":{"@id":"https:\/\/www.mindself.com.br\/en\/#organization"},"potentialAction":[{"@type":"SearchAction","target":{"@type":"EntryPoint","urlTemplate":"https:\/\/www.mindself.com.br\/en\/?s={search_term_string}"},"query-input":{"@type":"PropertyValueSpecification","valueRequired":true,"valueName":"search_term_string"}}],"inLanguage":"en-US"},{"@type":"Organization","@id":"https:\/\/www.mindself.com.br\/en\/#organization","name":"MINDSELF","url":"https:\/\/www.mindself.com.br\/en\/","logo":{"@type":"ImageObject","inLanguage":"en-US","@id":"https:\/\/www.mindself.com.br\/en\/#\/schema\/logo\/image\/","url":"https:\/\/www.mindself.com.br\/wp-content\/uploads\/2018\/09\/frame-164451.png","contentUrl":"https:\/\/www.mindself.com.br\/wp-content\/uploads\/2018\/09\/frame-164451.png","width":306,"height":42,"caption":"MINDSELF"},"image":{"@id":"https:\/\/www.mindself.com.br\/en\/#\/schema\/logo\/image\/"},"sameAs":["https:\/\/www.facebook.com\/mindselfmeditacao","https:\/\/www.instagram.com\/mindself_meditacao\/","https:\/\/www.linkedin.com\/company\/mindself\/"]},{"@type":"Person","@id":"https:\/\/www.mindself.com.br\/en\/#\/schema\/person\/f05e4f1b257b4f5f5f436585abc8508a","name":"mindself","url":"https:\/\/www.mindself.com.br\/en\/post\/author\/mindself\/"}]}},"_links":{"self":[{"href":"https:\/\/www.mindself.com.br\/en\/wp-json\/wp\/v2\/posts\/2710","targetHints":{"allow":["GET"]}}],"collection":[{"href":"https:\/\/www.mindself.com.br\/en\/wp-json\/wp\/v2\/posts"}],"about":[{"href":"https:\/\/www.mindself.com.br\/en\/wp-json\/wp\/v2\/types\/post"}],"author":[{"embeddable":true,"href":"https:\/\/www.mindself.com.br\/en\/wp-json\/wp\/v2\/users\/17"}],"replies":[{"embeddable":true,"href":"https:\/\/www.mindself.com.br\/en\/wp-json\/wp\/v2\/comments?post=2710"}],"version-history":[{"count":1,"href":"https:\/\/www.mindself.com.br\/en\/wp-json\/wp\/v2\/posts\/2710\/revisions"}],"predecessor-version":[{"id":2712,"href":"https:\/\/www.mindself.com.br\/en\/wp-json\/wp\/v2\/posts\/2710\/revisions\/2712"}],"wp:featuredmedia":[{"embeddable":true,"href":"https:\/\/www.mindself.com.br\/en\/wp-json\/wp\/v2\/media\/2711"}],"wp:attachment":[{"href":"https:\/\/www.mindself.com.br\/en\/wp-json\/wp\/v2\/media?parent=2710"}],"wp:term":[{"taxonomy":"category","embeddable":true,"href":"https:\/\/www.mindself.com.br\/en\/wp-json\/wp\/v2\/categories?post=2710"},{"taxonomy":"post_tag","embeddable":true,"href":"https:\/\/www.mindself.com.br\/en\/wp-json\/wp\/v2\/tags?post=2710"}],"curies":[{"name":"wp","href":"https:\/\/api.w.org\/{rel}","templated":true}]}}