{"id":2662,"date":"2022-06-15T13:33:34","date_gmt":"2022-06-15T16:33:34","guid":{"rendered":"https:\/\/www.mindself.com.br\/?p=2662"},"modified":"2022-06-15T13:34:26","modified_gmt":"2022-06-15T16:34:26","slug":"impactos-positivos-do-mindfulness-nas-empresas","status":"publish","type":"post","link":"https:\/\/www.mindself.com.br\/en\/post\/impactos-positivos-do-mindfulness-nas-empresas\/","title":{"rendered":"Impactos positivos do Mindfulness nas empresas"},"content":{"rendered":"<p><span style=\"font-weight: 400;\">Os ambientes corporativos com suas rotinas e processos podem prejudicar a sa\u00fade emocional de seus colaboradores. \u00c9 certo de que n\u00e3o h\u00e1 como fugir das demandas do servi\u00e7o, mas \u00e9 poss\u00edvel diminuir seus impactos, promovendo a\u00e7\u00f5es de conscientiza\u00e7\u00e3o e preven\u00e7\u00e3o de doen\u00e7as ocupacionais e mentais.\u00a0<\/span><\/p>\n<p><span style=\"font-weight: 400;\">Segundo um estudo da International Stress Management Association\u00b9, 72% dos profissionais brasileiros desenvolvem algum problema em fun\u00e7\u00e3o do estresse no emprego. Os meios que podem ajudar nesses quadros s\u00e3o muitos, como palestras, atendimento psicol\u00f3gico, atividades de lazer e descompress\u00e3o, entre outros. Mas um m\u00e9todo espec\u00edfico que vem sendo estudado, pode causar um benef\u00edcio ainda maior para os funcion\u00e1rios de uma empresa: o Mindfulness.<\/span><\/p>\n<p>&nbsp;<\/p>\n<p><b>\u00a0O que \u00e9 Mindfulness?<\/b><\/p>\n<p><span style=\"font-weight: 400;\">A pr\u00e1tica meditativa tem origens orientais e possui mais de 2.500 anos de hist\u00f3ria. No entanto, a populariza\u00e7\u00e3o ocorreu apenas na d\u00e9cada de 70. Foi quando o m\u00e9dico Jon Kabat-Zinn adotou a t\u00e9cnica como um m\u00e9todo terap\u00eautico.\u00a0<\/span><\/p>\n<p><span style=\"font-weight: 400;\">A palavra mindfulness significa aten\u00e7\u00e3o plena. Esse conceito tem como premissa principal\u00a0 a concentra\u00e7\u00e3o em acontecimentos do presente. Nessa proposta, as influ\u00eancias do passado e futuro s\u00e3o deixadas de lado, para que a pessoa que pratica a t\u00e9cnica foque no agora.\u00a0<\/span><\/p>\n<p><span style=\"font-weight: 400;\">O mindfulness d\u00e1 abertura a uma percep\u00e7\u00e3o maior das experi\u00eancias do indiv\u00edduo para que ele esteja atento, em determinado momento, aos seus pensamentos, sentimentos, comportamentos e sensa\u00e7\u00f5es. No Brasil, o mindfulness tamb\u00e9m \u00e9 utilizado na sa\u00fade p\u00fablica, pelo SUS, por meio do Centro Mente Aberta da EPM \u2013 UNIFESP.\u00a0<\/span><\/p>\n<p>&nbsp;<\/p>\n<p><b>O Mindfulness como aliado<\/b><\/p>\n<p><span style=\"font-weight: 400;\">Em 2013, o Hospital Geral de Massachusetts realizou um estudo\u00b2 com 93 indiv\u00edduos que sofriam com transtorno de ansiedade generalizada. Na ocasi\u00e3o, eles foram instru\u00eddos a realizar a pr\u00e1tica de <\/span><i><span style=\"font-weight: 400;\">mindfulness<\/span><\/i><span style=\"font-weight: 400;\"> em grupo. Ao fim da pesquisa, foi constatado que os participantes tiveram uma redu\u00e7\u00e3o significativa da ansiedade. Outro benef\u00edcio do mindfulness foi comprovado por pesquisadores em 2010\u00b3, no qual 24 pessoas se reuniram para realizar quatro sess\u00f5es de medita\u00e7\u00e3o voltada ao mindfulness, o resultado apontou que a mem\u00f3ria, o funcionamento cerebral e o processamento visual espacial foram melhorados logo ap\u00f3s a pr\u00e1tica.\u00a0<\/span><\/p>\n<p>&nbsp;<\/p>\n<p><b>Mindfulness nas empresas\u00a0<\/b><\/p>\n<p><span style=\"font-weight: 400;\">O <\/span><i><span style=\"font-weight: 400;\">mindfulness<\/span><\/i><span style=\"font-weight: 400;\"> no trabalho \u00e9 um m\u00e9todo que vem ganhando for\u00e7a no mercado, pois busca criar nos colaboradores uma aten\u00e7\u00e3o plena nas atividades que est\u00e3o exercendo no presente.\u00a0 Portanto, a t\u00e9cnica ganhou for\u00e7a, tornando-se um grande apoio para elevar o poder de aten\u00e7\u00e3o, aumentar a criatividade e melhorar a capacidade de concentra\u00e7\u00e3o dos colaboradores. Dentre os principais benef\u00edcios do mindfulness, est\u00e3o:<\/span><\/p>\n<ul>\n<li style=\"font-weight: 400;\" aria-level=\"1\"><span style=\"font-weight: 400;\">Redu\u00e7\u00e3o do n\u00edvel de estresse e ansiedade;<\/span><\/li>\n<li style=\"font-weight: 400;\" aria-level=\"1\"><span style=\"font-weight: 400;\">Eleva\u00e7\u00e3o do n\u00edvel de concentra\u00e7\u00e3o;<\/span><\/li>\n<li style=\"font-weight: 400;\" aria-level=\"1\"><span style=\"font-weight: 400;\">Facilidade de autocontrole;<\/span><\/li>\n<li style=\"font-weight: 400;\" aria-level=\"1\"><span style=\"font-weight: 400;\">Aumento das chances de pensamentos positivos.<\/span><\/li>\n<\/ul>\n<p>&nbsp;<\/p>\n<p><span style=\"font-weight: 400;\">Com o mindfulness no trabalho, o profissional tem uma vis\u00e3o distinta sobre a vida, profissional e pessoal, e consegue ter um dom\u00ednio emocional maior para lidar com problemas e desafios do dia a dia. Logo, uma empresa que decide investir em t\u00e9cnicas de medita\u00e7\u00e3o para os colaboradores, demonstrar\u00e1 que est\u00e1 atenta \u00e0 sa\u00fade mental dos profissionais e, consequentemente, colher\u00e1 os benef\u00edcios dessa pr\u00e1tica para o desenvolvimento de cada indiv\u00edduo.\u00a0<\/span><\/p>\n<p>&nbsp;<\/p>\n<h5>Fonte:<\/h5>\n<h6><span style=\"font-weight: 400;\">\u00b9 <a href=\"https:\/\/maratonaqv.com\/2020\/11\/09\/estresse-atinge-72-dos-profissionais-brasileiros\/#:~:text=Segundo%20pesquisa%20da%20Isma%2DBR,92%25%20continuaram%20trabalhando%20mesmo%20doentes.\">Link<\/a><\/span><\/h6>\n<h6><span style=\"font-weight: 400;\">\u00b2 <a href=\"https:\/\/guiadoestudante.abril.com.br\/atualidades\/6-beneficios-de-mindfulness-ou-atencao-plena\/\">Link\u00a0<\/a><\/span><\/h6>\n<h6><span style=\"font-weight: 400;\">\u00b3 <a href=\"https:\/\/www.fashionbubbles.com\/saude\/mindfulness\/#:~:text=Melhora%20a%20cogni%C3%A7%C3%A3o&amp;text=Outro%20benef%C3%ADcio%20do%20mindfulness%20foi,melhorados%20logo%20ap%C3%B3s%20a%20pr%C3%A1tica.\">Link<\/a>\u00a0<\/span><\/h6>","protected":false},"excerpt":{"rendered":"<p>Os ambientes corporativos com suas rotinas e processos podem prejudicar a sa\u00fade emocional de seus colaboradores. \u00c9 certo de que n\u00e3o h\u00e1 como fugir das demandas do servi\u00e7o, mas \u00e9 poss\u00edvel diminuir seus impactos, promovendo a\u00e7\u00f5es de conscientiza\u00e7\u00e3o e preven\u00e7\u00e3o de doen\u00e7as ocupacionais e mentais.\u00a0 Segundo um estudo da International Stress Management Association\u00b9, 72% dos [&hellip;]<\/p>\n","protected":false},"author":17,"featured_media":2663,"comment_status":"open","ping_status":"open","sticky":false,"template":"","format":"standard","meta":{"footnotes":""},"categories":[1],"tags":[40,25,27,63,35,53,29],"class_list":["post-2662","post","type-post","status-publish","format-standard","has-post-thumbnail","hentry","category-uncategorized","tag-empresas","tag-meditacao","tag-meditar","tag-mind","tag-mindfulness","tag-mindself","tag-saude-mental"],"yoast_head":"<!-- This site is optimized with the Yoast SEO plugin v27.4 - https:\/\/yoast.com\/product\/yoast-seo-wordpress\/ -->\n<title>Impactos positivos do Mindfulness nas empresas - MINDSELF<\/title>\n<meta name=\"description\" content=\"Neste artigo trataremos sobre &quot;Impactos positivos do Mindfulness nas empresas&quot;. Os ambientes corporativos com suas rotinas e processos podem prejudicar a sa\u00fade emocional de seus colaboradores. \u00c9 certo de que n\u00e3o h\u00e1 como fugir das demandas do servi\u00e7o, mas \u00e9 poss\u00edvel diminuir seus impactos, promovendo a\u00e7\u00f5es de conscientiza\u00e7\u00e3o e preven\u00e7\u00e3o de doen\u00e7as ocupacionais e mentais.\u00a0 Leia mais!\" \/>\n<meta name=\"robots\" content=\"index, follow, max-snippet:-1, max-image-preview:large, max-video-preview:-1\" \/>\n<link rel=\"canonical\" href=\"https:\/\/www.mindself.com.br\/en\/post\/impactos-positivos-do-mindfulness-nas-empresas\/\" \/>\n<meta property=\"og:locale\" content=\"en_US\" \/>\n<meta property=\"og:type\" content=\"article\" \/>\n<meta property=\"og:title\" content=\"Impactos positivos do Mindfulness nas empresas - MINDSELF\" \/>\n<meta property=\"og:description\" content=\"Neste artigo trataremos sobre &quot;Impactos positivos do Mindfulness nas empresas&quot;. Os ambientes corporativos com suas rotinas e processos podem prejudicar a sa\u00fade emocional de seus colaboradores. \u00c9 certo de que n\u00e3o h\u00e1 como fugir das demandas do servi\u00e7o, mas \u00e9 poss\u00edvel diminuir seus impactos, promovendo a\u00e7\u00f5es de conscientiza\u00e7\u00e3o e preven\u00e7\u00e3o de doen\u00e7as ocupacionais e mentais.\u00a0 Leia mais!\" \/>\n<meta property=\"og:url\" content=\"https:\/\/www.mindself.com.br\/en\/post\/impactos-positivos-do-mindfulness-nas-empresas\/\" \/>\n<meta property=\"og:site_name\" content=\"MINDSELF\" \/>\n<meta property=\"article:publisher\" content=\"https:\/\/www.facebook.com\/mindselfmeditacao\" \/>\n<meta property=\"article:published_time\" content=\"2022-06-15T16:33:34+00:00\" \/>\n<meta property=\"article:modified_time\" content=\"2022-06-15T16:34:26+00:00\" \/>\n<meta property=\"og:image\" content=\"https:\/\/www.mindself.com.br\/wp-content\/uploads\/2022\/06\/Impactos-positivos-do-Mindfulness-nas-empresas.jpg\" \/>\n\t<meta property=\"og:image:width\" content=\"940\" \/>\n\t<meta property=\"og:image:height\" content=\"534\" \/>\n\t<meta property=\"og:image:type\" content=\"image\/jpeg\" \/>\n<meta name=\"author\" content=\"mindself\" \/>\n<meta name=\"twitter:card\" content=\"summary_large_image\" \/>\n<meta name=\"twitter:label1\" content=\"Written by\" \/>\n\t<meta name=\"twitter:data1\" content=\"mindself\" \/>\n\t<meta name=\"twitter:label2\" content=\"Est. reading time\" \/>\n\t<meta name=\"twitter:data2\" content=\"3 minutes\" \/>\n<script type=\"application\/ld+json\" class=\"yoast-schema-graph\">{\"@context\":\"https:\\\/\\\/schema.org\",\"@graph\":[{\"@type\":\"Article\",\"@id\":\"https:\\\/\\\/www.mindself.com.br\\\/post\\\/impactos-positivos-do-mindfulness-nas-empresas\\\/#article\",\"isPartOf\":{\"@id\":\"https:\\\/\\\/www.mindself.com.br\\\/post\\\/impactos-positivos-do-mindfulness-nas-empresas\\\/\"},\"author\":{\"name\":\"mindself\",\"@id\":\"https:\\\/\\\/www.mindself.com.br\\\/en\\\/#\\\/schema\\\/person\\\/21511da00f6e56a4d61d031e75683709\"},\"headline\":\"Impactos positivos do Mindfulness nas empresas\",\"datePublished\":\"2022-06-15T16:33:34+00:00\",\"dateModified\":\"2022-06-15T16:34:26+00:00\",\"mainEntityOfPage\":{\"@id\":\"https:\\\/\\\/www.mindself.com.br\\\/post\\\/impactos-positivos-do-mindfulness-nas-empresas\\\/\"},\"wordCount\":561,\"commentCount\":0,\"publisher\":{\"@id\":\"https:\\\/\\\/www.mindself.com.br\\\/en\\\/#organization\"},\"image\":{\"@id\":\"https:\\\/\\\/www.mindself.com.br\\\/post\\\/impactos-positivos-do-mindfulness-nas-empresas\\\/#primaryimage\"},\"thumbnailUrl\":\"https:\\\/\\\/www.mindself.com.br\\\/wp-content\\\/uploads\\\/2022\\\/06\\\/Impactos-positivos-do-Mindfulness-nas-empresas.jpg\",\"keywords\":[\"empresas\",\"medita\u00e7\u00e3o\",\"meditar\",\"mind\",\"mindfulness\",\"mindself\",\"saude mental\"],\"inLanguage\":\"en-US\"},{\"@type\":\"WebPage\",\"@id\":\"https:\\\/\\\/www.mindself.com.br\\\/post\\\/impactos-positivos-do-mindfulness-nas-empresas\\\/\",\"url\":\"https:\\\/\\\/www.mindself.com.br\\\/post\\\/impactos-positivos-do-mindfulness-nas-empresas\\\/\",\"name\":\"Impactos positivos do Mindfulness nas empresas - MINDSELF\",\"isPartOf\":{\"@id\":\"https:\\\/\\\/www.mindself.com.br\\\/en\\\/#website\"},\"primaryImageOfPage\":{\"@id\":\"https:\\\/\\\/www.mindself.com.br\\\/post\\\/impactos-positivos-do-mindfulness-nas-empresas\\\/#primaryimage\"},\"image\":{\"@id\":\"https:\\\/\\\/www.mindself.com.br\\\/post\\\/impactos-positivos-do-mindfulness-nas-empresas\\\/#primaryimage\"},\"thumbnailUrl\":\"https:\\\/\\\/www.mindself.com.br\\\/wp-content\\\/uploads\\\/2022\\\/06\\\/Impactos-positivos-do-Mindfulness-nas-empresas.jpg\",\"datePublished\":\"2022-06-15T16:33:34+00:00\",\"dateModified\":\"2022-06-15T16:34:26+00:00\",\"description\":\"Neste artigo trataremos sobre \\\"Impactos positivos do Mindfulness nas empresas\\\". Os ambientes corporativos com suas rotinas e processos podem prejudicar a sa\u00fade emocional de seus colaboradores. \u00c9 certo de que n\u00e3o h\u00e1 como fugir das demandas do servi\u00e7o, mas \u00e9 poss\u00edvel diminuir seus impactos, promovendo a\u00e7\u00f5es de conscientiza\u00e7\u00e3o e preven\u00e7\u00e3o de doen\u00e7as ocupacionais e mentais.\u00a0 Leia mais!\",\"breadcrumb\":{\"@id\":\"https:\\\/\\\/www.mindself.com.br\\\/post\\\/impactos-positivos-do-mindfulness-nas-empresas\\\/#breadcrumb\"},\"inLanguage\":\"en-US\",\"potentialAction\":[{\"@type\":\"ReadAction\",\"target\":[\"https:\\\/\\\/www.mindself.com.br\\\/post\\\/impactos-positivos-do-mindfulness-nas-empresas\\\/\"]}]},{\"@type\":\"ImageObject\",\"inLanguage\":\"en-US\",\"@id\":\"https:\\\/\\\/www.mindself.com.br\\\/post\\\/impactos-positivos-do-mindfulness-nas-empresas\\\/#primaryimage\",\"url\":\"https:\\\/\\\/www.mindself.com.br\\\/wp-content\\\/uploads\\\/2022\\\/06\\\/Impactos-positivos-do-Mindfulness-nas-empresas.jpg\",\"contentUrl\":\"https:\\\/\\\/www.mindself.com.br\\\/wp-content\\\/uploads\\\/2022\\\/06\\\/Impactos-positivos-do-Mindfulness-nas-empresas.jpg\",\"width\":940,\"height\":534,\"caption\":\"Impactos positivos do Mindfulness nas empresas\"},{\"@type\":\"BreadcrumbList\",\"@id\":\"https:\\\/\\\/www.mindself.com.br\\\/post\\\/impactos-positivos-do-mindfulness-nas-empresas\\\/#breadcrumb\",\"itemListElement\":[{\"@type\":\"ListItem\",\"position\":1,\"name\":\"In\u00edcio\",\"item\":\"https:\\\/\\\/www.mindself.com.br\\\/\"},{\"@type\":\"ListItem\",\"position\":2,\"name\":\"Impactos positivos do Mindfulness nas empresas\"}]},{\"@type\":\"WebSite\",\"@id\":\"https:\\\/\\\/www.mindself.com.br\\\/en\\\/#website\",\"url\":\"https:\\\/\\\/www.mindself.com.br\\\/en\\\/\",\"name\":\"MINDSELF\",\"description\":\"\",\"publisher\":{\"@id\":\"https:\\\/\\\/www.mindself.com.br\\\/en\\\/#organization\"},\"potentialAction\":[{\"@type\":\"SearchAction\",\"target\":{\"@type\":\"EntryPoint\",\"urlTemplate\":\"https:\\\/\\\/www.mindself.com.br\\\/en\\\/?s={search_term_string}\"},\"query-input\":{\"@type\":\"PropertyValueSpecification\",\"valueRequired\":true,\"valueName\":\"search_term_string\"}}],\"inLanguage\":\"en-US\"},{\"@type\":\"Organization\",\"@id\":\"https:\\\/\\\/www.mindself.com.br\\\/en\\\/#organization\",\"name\":\"MINDSELF\",\"url\":\"https:\\\/\\\/www.mindself.com.br\\\/en\\\/\",\"logo\":{\"@type\":\"ImageObject\",\"inLanguage\":\"en-US\",\"@id\":\"https:\\\/\\\/www.mindself.com.br\\\/en\\\/#\\\/schema\\\/logo\\\/image\\\/\",\"url\":\"https:\\\/\\\/www.mindself.com.br\\\/wp-content\\\/uploads\\\/2018\\\/09\\\/frame-164451.png\",\"contentUrl\":\"https:\\\/\\\/www.mindself.com.br\\\/wp-content\\\/uploads\\\/2018\\\/09\\\/frame-164451.png\",\"width\":306,\"height\":42,\"caption\":\"MINDSELF\"},\"image\":{\"@id\":\"https:\\\/\\\/www.mindself.com.br\\\/en\\\/#\\\/schema\\\/logo\\\/image\\\/\"},\"sameAs\":[\"https:\\\/\\\/www.facebook.com\\\/mindselfmeditacao\",\"https:\\\/\\\/www.instagram.com\\\/mindself_meditacao\\\/\",\"https:\\\/\\\/www.linkedin.com\\\/company\\\/mindself\\\/\"]},{\"@type\":\"Person\",\"@id\":\"https:\\\/\\\/www.mindself.com.br\\\/en\\\/#\\\/schema\\\/person\\\/21511da00f6e56a4d61d031e75683709\",\"name\":\"mindself\",\"url\":\"https:\\\/\\\/www.mindself.com.br\\\/en\\\/post\\\/author\\\/mindself\\\/\"}]}<\/script>\n<!-- \/ Yoast SEO plugin. -->","yoast_head_json":{"title":"Impactos positivos do Mindfulness nas empresas - MINDSELF","description":"Neste artigo trataremos sobre \"Impactos positivos do Mindfulness nas empresas\". Os ambientes corporativos com suas rotinas e processos podem prejudicar a sa\u00fade emocional de seus colaboradores. \u00c9 certo de que n\u00e3o h\u00e1 como fugir das demandas do servi\u00e7o, mas \u00e9 poss\u00edvel diminuir seus impactos, promovendo a\u00e7\u00f5es de conscientiza\u00e7\u00e3o e preven\u00e7\u00e3o de doen\u00e7as ocupacionais e mentais.\u00a0 Leia mais!","robots":{"index":"index","follow":"follow","max-snippet":"max-snippet:-1","max-image-preview":"max-image-preview:large","max-video-preview":"max-video-preview:-1"},"canonical":"https:\/\/www.mindself.com.br\/en\/post\/impactos-positivos-do-mindfulness-nas-empresas\/","og_locale":"en_US","og_type":"article","og_title":"Impactos positivos do Mindfulness nas empresas - MINDSELF","og_description":"Neste artigo trataremos sobre \"Impactos positivos do Mindfulness nas empresas\". Os ambientes corporativos com suas rotinas e processos podem prejudicar a sa\u00fade emocional de seus colaboradores. \u00c9 certo de que n\u00e3o h\u00e1 como fugir das demandas do servi\u00e7o, mas \u00e9 poss\u00edvel diminuir seus impactos, promovendo a\u00e7\u00f5es de conscientiza\u00e7\u00e3o e preven\u00e7\u00e3o de doen\u00e7as ocupacionais e mentais.\u00a0 Leia mais!","og_url":"https:\/\/www.mindself.com.br\/en\/post\/impactos-positivos-do-mindfulness-nas-empresas\/","og_site_name":"MINDSELF","article_publisher":"https:\/\/www.facebook.com\/mindselfmeditacao","article_published_time":"2022-06-15T16:33:34+00:00","article_modified_time":"2022-06-15T16:34:26+00:00","og_image":[{"width":940,"height":534,"url":"https:\/\/www.mindself.com.br\/wp-content\/uploads\/2022\/06\/Impactos-positivos-do-Mindfulness-nas-empresas.jpg","type":"image\/jpeg"}],"author":"mindself","twitter_card":"summary_large_image","twitter_misc":{"Written by":"mindself","Est. reading time":"3 minutes"},"schema":{"@context":"https:\/\/schema.org","@graph":[{"@type":"Article","@id":"https:\/\/www.mindself.com.br\/post\/impactos-positivos-do-mindfulness-nas-empresas\/#article","isPartOf":{"@id":"https:\/\/www.mindself.com.br\/post\/impactos-positivos-do-mindfulness-nas-empresas\/"},"author":{"name":"mindself","@id":"https:\/\/www.mindself.com.br\/en\/#\/schema\/person\/21511da00f6e56a4d61d031e75683709"},"headline":"Impactos positivos do Mindfulness nas empresas","datePublished":"2022-06-15T16:33:34+00:00","dateModified":"2022-06-15T16:34:26+00:00","mainEntityOfPage":{"@id":"https:\/\/www.mindself.com.br\/post\/impactos-positivos-do-mindfulness-nas-empresas\/"},"wordCount":561,"commentCount":0,"publisher":{"@id":"https:\/\/www.mindself.com.br\/en\/#organization"},"image":{"@id":"https:\/\/www.mindself.com.br\/post\/impactos-positivos-do-mindfulness-nas-empresas\/#primaryimage"},"thumbnailUrl":"https:\/\/www.mindself.com.br\/wp-content\/uploads\/2022\/06\/Impactos-positivos-do-Mindfulness-nas-empresas.jpg","keywords":["empresas","medita\u00e7\u00e3o","meditar","mind","mindfulness","mindself","saude mental"],"inLanguage":"en-US"},{"@type":"WebPage","@id":"https:\/\/www.mindself.com.br\/post\/impactos-positivos-do-mindfulness-nas-empresas\/","url":"https:\/\/www.mindself.com.br\/post\/impactos-positivos-do-mindfulness-nas-empresas\/","name":"Impactos positivos do Mindfulness nas empresas - MINDSELF","isPartOf":{"@id":"https:\/\/www.mindself.com.br\/en\/#website"},"primaryImageOfPage":{"@id":"https:\/\/www.mindself.com.br\/post\/impactos-positivos-do-mindfulness-nas-empresas\/#primaryimage"},"image":{"@id":"https:\/\/www.mindself.com.br\/post\/impactos-positivos-do-mindfulness-nas-empresas\/#primaryimage"},"thumbnailUrl":"https:\/\/www.mindself.com.br\/wp-content\/uploads\/2022\/06\/Impactos-positivos-do-Mindfulness-nas-empresas.jpg","datePublished":"2022-06-15T16:33:34+00:00","dateModified":"2022-06-15T16:34:26+00:00","description":"Neste artigo trataremos sobre \"Impactos positivos do Mindfulness nas empresas\". Os ambientes corporativos com suas rotinas e processos podem prejudicar a sa\u00fade emocional de seus colaboradores. \u00c9 certo de que n\u00e3o h\u00e1 como fugir das demandas do servi\u00e7o, mas \u00e9 poss\u00edvel diminuir seus impactos, promovendo a\u00e7\u00f5es de conscientiza\u00e7\u00e3o e preven\u00e7\u00e3o de doen\u00e7as ocupacionais e mentais.\u00a0 Leia mais!","breadcrumb":{"@id":"https:\/\/www.mindself.com.br\/post\/impactos-positivos-do-mindfulness-nas-empresas\/#breadcrumb"},"inLanguage":"en-US","potentialAction":[{"@type":"ReadAction","target":["https:\/\/www.mindself.com.br\/post\/impactos-positivos-do-mindfulness-nas-empresas\/"]}]},{"@type":"ImageObject","inLanguage":"en-US","@id":"https:\/\/www.mindself.com.br\/post\/impactos-positivos-do-mindfulness-nas-empresas\/#primaryimage","url":"https:\/\/www.mindself.com.br\/wp-content\/uploads\/2022\/06\/Impactos-positivos-do-Mindfulness-nas-empresas.jpg","contentUrl":"https:\/\/www.mindself.com.br\/wp-content\/uploads\/2022\/06\/Impactos-positivos-do-Mindfulness-nas-empresas.jpg","width":940,"height":534,"caption":"Impactos positivos do Mindfulness nas empresas"},{"@type":"BreadcrumbList","@id":"https:\/\/www.mindself.com.br\/post\/impactos-positivos-do-mindfulness-nas-empresas\/#breadcrumb","itemListElement":[{"@type":"ListItem","position":1,"name":"In\u00edcio","item":"https:\/\/www.mindself.com.br\/"},{"@type":"ListItem","position":2,"name":"Impactos positivos do Mindfulness nas empresas"}]},{"@type":"WebSite","@id":"https:\/\/www.mindself.com.br\/en\/#website","url":"https:\/\/www.mindself.com.br\/en\/","name":"MINDSELF","description":"","publisher":{"@id":"https:\/\/www.mindself.com.br\/en\/#organization"},"potentialAction":[{"@type":"SearchAction","target":{"@type":"EntryPoint","urlTemplate":"https:\/\/www.mindself.com.br\/en\/?s={search_term_string}"},"query-input":{"@type":"PropertyValueSpecification","valueRequired":true,"valueName":"search_term_string"}}],"inLanguage":"en-US"},{"@type":"Organization","@id":"https:\/\/www.mindself.com.br\/en\/#organization","name":"MINDSELF","url":"https:\/\/www.mindself.com.br\/en\/","logo":{"@type":"ImageObject","inLanguage":"en-US","@id":"https:\/\/www.mindself.com.br\/en\/#\/schema\/logo\/image\/","url":"https:\/\/www.mindself.com.br\/wp-content\/uploads\/2018\/09\/frame-164451.png","contentUrl":"https:\/\/www.mindself.com.br\/wp-content\/uploads\/2018\/09\/frame-164451.png","width":306,"height":42,"caption":"MINDSELF"},"image":{"@id":"https:\/\/www.mindself.com.br\/en\/#\/schema\/logo\/image\/"},"sameAs":["https:\/\/www.facebook.com\/mindselfmeditacao","https:\/\/www.instagram.com\/mindself_meditacao\/","https:\/\/www.linkedin.com\/company\/mindself\/"]},{"@type":"Person","@id":"https:\/\/www.mindself.com.br\/en\/#\/schema\/person\/21511da00f6e56a4d61d031e75683709","name":"mindself","url":"https:\/\/www.mindself.com.br\/en\/post\/author\/mindself\/"}]}},"_links":{"self":[{"href":"https:\/\/www.mindself.com.br\/en\/wp-json\/wp\/v2\/posts\/2662","targetHints":{"allow":["GET"]}}],"collection":[{"href":"https:\/\/www.mindself.com.br\/en\/wp-json\/wp\/v2\/posts"}],"about":[{"href":"https:\/\/www.mindself.com.br\/en\/wp-json\/wp\/v2\/types\/post"}],"author":[{"embeddable":true,"href":"https:\/\/www.mindself.com.br\/en\/wp-json\/wp\/v2\/users\/17"}],"replies":[{"embeddable":true,"href":"https:\/\/www.mindself.com.br\/en\/wp-json\/wp\/v2\/comments?post=2662"}],"version-history":[{"count":2,"href":"https:\/\/www.mindself.com.br\/en\/wp-json\/wp\/v2\/posts\/2662\/revisions"}],"predecessor-version":[{"id":2665,"href":"https:\/\/www.mindself.com.br\/en\/wp-json\/wp\/v2\/posts\/2662\/revisions\/2665"}],"wp:featuredmedia":[{"embeddable":true,"href":"https:\/\/www.mindself.com.br\/en\/wp-json\/wp\/v2\/media\/2663"}],"wp:attachment":[{"href":"https:\/\/www.mindself.com.br\/en\/wp-json\/wp\/v2\/media?parent=2662"}],"wp:term":[{"taxonomy":"category","embeddable":true,"href":"https:\/\/www.mindself.com.br\/en\/wp-json\/wp\/v2\/categories?post=2662"},{"taxonomy":"post_tag","embeddable":true,"href":"https:\/\/www.mindself.com.br\/en\/wp-json\/wp\/v2\/tags?post=2662"}],"curies":[{"name":"wp","href":"https:\/\/api.w.org\/{rel}","templated":true}]}}