{"id":2657,"date":"2022-06-10T14:52:02","date_gmt":"2022-06-10T17:52:02","guid":{"rendered":"https:\/\/www.mindself.com.br\/?p=2657"},"modified":"2022-06-10T14:54:40","modified_gmt":"2022-06-10T17:54:40","slug":"a-saude-mental-ainda-e-um-tabu-nas-organizacoes","status":"publish","type":"post","link":"https:\/\/www.mindself.com.br\/en\/post\/a-saude-mental-ainda-e-um-tabu-nas-organizacoes\/","title":{"rendered":"A sa\u00fade mental ainda \u00e9 um tabu nas organiza\u00e7\u00f5es\u00a0"},"content":{"rendered":"<p><span style=\"font-weight: 400;\">O tema sa\u00fade mental tem ganhado for\u00e7a na atualidade, por\u00e9m ainda \u00e9 um tabu nas organiza\u00e7\u00f5es e na sociedade, j\u00e1 que para muitas pessoas revelar como se sente ou admitir que est\u00e1 passando por um problema e precisa de ajuda, ainda \u00e9 considerado como um sinal de fraqueza.\u00a0<\/span><\/p>\n<p><span style=\"font-weight: 400;\">Essa \u00e9 uma quest\u00e3o que precisa ser acompanhada, pois al\u00e9m de afetar a qualidade de vida dos colaboradores e impactar diretamente na rotina de trabalho, esses transtornos mentais geram altos custos para a sociedade. De acordo com a pesquisadora Sara Evans-Lacko, da London School of Economics, o Brasil perde 78 bilh\u00f5es de d\u00f3lares com a baixa de produtividade causada pela depress\u00e3o\u00b9. Nosso pa\u00eds tamb\u00e9m \u00e9 considerado o pa\u00eds mais ansioso do mundo e o quinto mais deprimido.\u00a0<\/span><\/p>\n<p><span style=\"font-weight: 400;\">De acordo com um levantamento sobre o tema feito pela <em>Kenoby<\/em>, software de recrutamento e sele\u00e7\u00e3o, em 2021\u00b2, dos 488 profissionais de RH entrevistados de empresas com at\u00e9 500 funcion\u00e1rios, 93% reconheceram que falta um olhar das empresas, no geral, para a sa\u00fade mental da equipe, sendo que 67,4% responderam que na empresa onde trabalham j\u00e1 aconteceram afastamentos de colaboradores por algum problema emocional.<\/span><\/p>\n<p><span style=\"font-weight: 400;\">O afastamento de profissionais tem sido uma consequ\u00eancia s\u00e9ria deste cen\u00e1rio, pois uma outra pesquisa, realizada pela startup <\/span><i><span style=\"font-weight: 400;\">Closecare,<\/span><\/i><span style=\"font-weight: 400;\"> revelou que a incid\u00eancia de atestados m\u00e9dicos relacionados a esse tema cresceu 20% desde 2020\u00b3, principalmente em empresas com atividades administrativas.\u00a0<\/span><\/p>\n<p><span style=\"font-weight: 400;\">Dados como esses refor\u00e7am a import\u00e2ncia da sociedade abordar esse tema, e as organiza\u00e7\u00f5es t\u00eam um papel fundamental nesse processo na vida dos colaboradores, n\u00e3o somente para promover discuss\u00f5es sobre o assunto, mas tamb\u00e9m para proporcionar recursos para auxiliar os profissionais na busca por mais sa\u00fade mental.\u00a0<\/span><\/p>\n<p>&nbsp;<\/p>\n<p><b>Barreiras para o cuidado com a sa\u00fade mental\u00a0<\/b><\/p>\n<p><span style=\"font-weight: 400;\">A Organiza\u00e7\u00e3o Mundial da Sa\u00fade alerta que uma em cada quatro pessoas sofrer\u00e1 com um transtorno da mente ao longo da vida<\/span><span style=\"font-weight: 400;\">\u2074<\/span><span style=\"font-weight: 400;\">. Apesar dos n\u00fameros, poucas empresas t\u00eam um programa de bem-estar mental e emocional para seus funcion\u00e1rios. Mesmo diante desses dados, por que ainda existem tantas barreiras para falar sobre a sa\u00fade mental no ambiente de trabalho?\u00a0<\/span><\/p>\n<p><span style=\"font-weight: 400;\">A forma como a sociedade lida com o tema vem mudando ao longo do tempo, mas ainda existe muito preconceito. Claramente, h\u00e1 uma combina\u00e7\u00e3o de fatores que podem impedir que essa tem\u00e1tica seja discutida abertamente, mas abaixo listamos alguns deles:\u00a0<\/span><\/p>\n<ul>\n<li style=\"font-weight: 400;\" aria-level=\"1\"><span style=\"font-weight: 400;\">Medo do que as pessoas v\u00e3o pensar;\u00a0<\/span><\/li>\n<li style=\"font-weight: 400;\" aria-level=\"1\"><span style=\"font-weight: 400;\">Ser visto como uma pessoa desequilibrada ou imatura pelos colegas de trabalho;\u00a0<\/span><\/li>\n<li style=\"font-weight: 400;\" aria-level=\"1\"><span style=\"font-weight: 400;\">Que esse quadro tenha efeitos negativos sobre a carreira, impedindo que o profissional seja reconhecido pelo seu trabalho;<\/span><\/li>\n<li style=\"font-weight: 400;\" aria-level=\"1\"><span style=\"font-weight: 400;\">Que os transtornos sejam vistos por outras pessoas como um sinal de fraqueza;<\/span><\/li>\n<li style=\"font-weight: 400;\" aria-level=\"1\"><span style=\"font-weight: 400;\">Dificuldade em aceitar o problema em si.<\/span><\/li>\n<\/ul>\n<p>&nbsp;<\/p>\n<p><span style=\"font-weight: 400;\">Independentemente das barreiras que existam, as organiza\u00e7\u00f5es t\u00eam o papel essencial de promover discuss\u00f5es sobre o tema, bem como incluir iniciativas que possam proporcionar mais qualidade de vida e melhorar a sa\u00fade mental dos colaboradores. As empresas devem ajudar no tratamento dos transtornos, bem como investir em a\u00e7\u00f5es para preveni-los.\u00a0<\/span><\/p>\n<p><span style=\"font-weight: 400;\">A diferen\u00e7a entre organiza\u00e7\u00f5es que investem no bem-estar dos funcion\u00e1rios \u00e9 que elas tendem a ter menor rotatividade e absente\u00edsmo, do que as empresas que n\u00e3o entendem a relev\u00e2ncia dessa quest\u00e3o. Mostrar aos colaboradores que trabalho e sa\u00fade mental s\u00e3o elementos complementares \u00e9 uma forma de incentiv\u00e1-los a buscar mais equil\u00edbrio e bem-estar.\u00a0<\/span><\/p>\n<p>&nbsp;<\/p>\n<p><b>Iniciativas para melhorar a sa\u00fade mental nas organiza\u00e7\u00f5es\u00a0<\/b><\/p>\n<p><span style=\"font-weight: 400;\">Se voc\u00ea \u00e9 gestor ou at\u00e9 mesmo um colaborador em busca de solu\u00e7\u00f5es para ajudar a sua equipe, algumas iniciativas simples podem ajudar a proporcionar mais qualidade de vida para o seu time.\u00a0<\/span><\/p>\n<p><span style=\"font-weight: 400;\">Uma sugest\u00e3o \u00e9 incluir na agenda dos funcion\u00e1rios hor\u00e1rios regulares para pausas curtas para atividades como medita\u00e7\u00e3o e relaxamento. Outra forma de proporcionar mais bem-estar para os profissionais \u00e9 promover iniciativas como palestras, gin\u00e1stica laboral, mesas redondas e conversas sobre temas de interesse dos colaboradores, ou ainda ensinar exerc\u00edcios pr\u00e1ticos para relaxar e desacelerar.\u00a0<\/span><\/p>\n<p>&nbsp;<\/p>\n<p><b>Benefits of Meditation in companies\u00a0<\/b><\/p>\n<p><span style=\"font-weight: 400;\">Os benef\u00edcios da medita\u00e7\u00e3o s\u00e3o comprovados cientificamente e exercitar a consci\u00eancia pode melhorar o desempenho em diversos tipos de tarefas, n\u00e3o apenas no ambiente de trabalho.\u00a0<\/span><\/p>\n<p><span style=\"font-weight: 400;\">Veja alguns motivos para incorporar a medita\u00e7\u00e3o no programa de sa\u00fade e qualidade de vida da sua empresa:\u00a0<\/span><\/p>\n<p>&nbsp;<\/p>\n<ol>\n<li><span style=\"font-weight: 400;\"> Descompress\u00e3o;<\/span><\/li>\n<li><span style=\"font-weight: 400;\"> Melhora da concentra\u00e7\u00e3o;\u00a0<\/span><\/li>\n<li><span style=\"font-weight: 400;\">Aumento da criatividade;<\/span><\/li>\n<li><span style=\"font-weight: 400;\"> Redu\u00e7\u00e3o da ansiedade;<\/span><\/li>\n<li><span style=\"font-weight: 400;\"> Melhora do humor e dos relacionamentos.<\/span><\/li>\n<\/ol>\n<p>&nbsp;<\/p>\n<p><span style=\"font-weight: 400;\">Se voc\u00ea quer levar mais sa\u00fade mental para a sua empresa, conhe\u00e7a os programas de medita\u00e7\u00e3o personalizados da MINDSELF, especialmente desenvolvidos para o ambiente de trabalho.\u00a0<\/span><\/p>\n<p>&nbsp;<\/p>\n<p>&nbsp;<\/p>\n<p>Fonte:<\/p>\n<h6><span style=\"font-weight: 400;\">\u00b9<a href=\"https:\/\/exame.com\/carreira\/depressao-causa-perda-anual-de-78-bilhoes-de-dolares-no-brasil\/\">Link<\/a><\/span><\/h6>\n<h6><a href=\"https:\/\/g1.globo.com\/economia\/concursos-e-emprego\/noticia\/2021\/05\/05\/para-93percent-falta-acao-das-empresas-para-a-saude-mental-dos-funcionarios-mostra-pesquisa.ghtml\"><span style=\"font-weight: 400;\">\u00b2<\/span><span style=\"font-weight: 400;\">Link<\/span><\/a><\/h6>\n<h6><a href=\"https:\/\/www.terra.com.br\/noticias\/educacao\/carreira\/atestados-medicos-tracam-raio-x-da-saude-mental-e-guiam-acoes-nas-empresas,b6ad6a460afb98f9e9dfc5b9fdce7ebaz2xu9zim.html#:~:text=Uma%20pesquisa%20realizada%20pela%20startup,em%20empresas%20de%20atividades%20administrativas.\"><span style=\"font-weight: 400;\">\u00b3<\/span><span style=\"font-weight: 400;\">Link<\/span><\/a><\/h6>\n<h6><a href=\"https:\/\/www.anamt.org.br\/portal\/2018\/11\/27\/apenas-18-das-empresas-mantem-um-programa-para-cuidar-da-saude-mental\/#:~:text=A%20Organiza%C3%A7%C3%A3o%20Mundial%20da%20Sa%C3%BAde,ainda%20%C3%A9%20tratada%20como%20tabu.\"><span style=\"font-weight: 400;\">\u2074<\/span><span style=\"font-weight: 400;\">Link<\/span><\/a><\/h6>","protected":false},"excerpt":{"rendered":"<p>O tema sa\u00fade mental tem ganhado for\u00e7a na atualidade, por\u00e9m ainda \u00e9 um tabu nas organiza\u00e7\u00f5es e na sociedade, j\u00e1 que para muitas pessoas revelar como se sente ou admitir que est\u00e1 passando por um problema e precisa de ajuda, ainda \u00e9 considerado como um sinal de fraqueza.\u00a0 Essa \u00e9 uma quest\u00e3o que precisa ser [&hellip;]<\/p>\n","protected":false},"author":17,"featured_media":2659,"comment_status":"open","ping_status":"open","sticky":false,"template":"","format":"standard","meta":{"footnotes":""},"categories":[1],"tags":[57,35,53,62,28,29,61],"class_list":["post-2657","post","type-post","status-publish","format-standard","has-post-thumbnail","hentry","category-uncategorized","tag-mental","tag-mindfulness","tag-mindself","tag-organizacoes","tag-saude","tag-saude-mental","tag-tabu"],"yoast_head":"<!-- This site is optimized with the Yoast SEO plugin v27.4 - https:\/\/yoast.com\/product\/yoast-seo-wordpress\/ -->\n<title>A sa\u00fade mental ainda \u00e9 um tabu nas organiza\u00e7\u00f5es\u00a0 - MINDSELF<\/title>\n<meta name=\"description\" content=\"Neste artigo trataremos sobre &quot;A sa\u00fade mental ainda \u00e9 um tabu nas organiza\u00e7\u00f5es\u00a0&quot; atrav\u00e9s da vis\u00e3o de praticantes de medita\u00e7\u00e3o e especialistas em desenvolvimento pessoal. Leia mais!\" \/>\n<meta name=\"robots\" content=\"index, follow, max-snippet:-1, max-image-preview:large, max-video-preview:-1\" \/>\n<link rel=\"canonical\" href=\"https:\/\/www.mindself.com.br\/en\/post\/a-saude-mental-ainda-e-um-tabu-nas-organizacoes\/\" \/>\n<meta property=\"og:locale\" content=\"en_US\" \/>\n<meta property=\"og:type\" content=\"article\" \/>\n<meta property=\"og:title\" content=\"A sa\u00fade mental ainda \u00e9 um tabu nas organiza\u00e7\u00f5es\u00a0 - MINDSELF\" \/>\n<meta property=\"og:description\" content=\"Neste artigo trataremos sobre &quot;A sa\u00fade mental ainda \u00e9 um tabu nas organiza\u00e7\u00f5es\u00a0&quot; atrav\u00e9s da vis\u00e3o de praticantes de medita\u00e7\u00e3o e especialistas em desenvolvimento pessoal. Leia mais!\" \/>\n<meta property=\"og:url\" content=\"https:\/\/www.mindself.com.br\/en\/post\/a-saude-mental-ainda-e-um-tabu-nas-organizacoes\/\" \/>\n<meta property=\"og:site_name\" content=\"MINDSELF\" \/>\n<meta property=\"article:publisher\" content=\"https:\/\/www.facebook.com\/mindselfmeditacao\" \/>\n<meta property=\"article:published_time\" content=\"2022-06-10T17:52:02+00:00\" \/>\n<meta property=\"article:modified_time\" content=\"2022-06-10T17:54:40+00:00\" \/>\n<meta property=\"og:image\" content=\"https:\/\/www.mindself.com.br\/wp-content\/uploads\/2022\/06\/A-saude-mental-ainda-e-um-tabu-nas-organizacoes-1.jpg\" \/>\n\t<meta property=\"og:image:width\" content=\"940\" \/>\n\t<meta property=\"og:image:height\" content=\"534\" \/>\n\t<meta property=\"og:image:type\" content=\"image\/jpeg\" \/>\n<meta name=\"author\" content=\"mindself\" \/>\n<meta name=\"twitter:card\" content=\"summary_large_image\" \/>\n<meta name=\"twitter:label1\" content=\"Written by\" \/>\n\t<meta name=\"twitter:data1\" content=\"mindself\" \/>\n\t<meta name=\"twitter:label2\" content=\"Est. reading time\" \/>\n\t<meta name=\"twitter:data2\" content=\"5 minutes\" \/>\n<script type=\"application\/ld+json\" class=\"yoast-schema-graph\">{\"@context\":\"https:\\\/\\\/schema.org\",\"@graph\":[{\"@type\":\"Article\",\"@id\":\"https:\\\/\\\/www.mindself.com.br\\\/en\\\/post\\\/a-saude-mental-ainda-e-um-tabu-nas-organizacoes\\\/#article\",\"isPartOf\":{\"@id\":\"https:\\\/\\\/www.mindself.com.br\\\/en\\\/post\\\/a-saude-mental-ainda-e-um-tabu-nas-organizacoes\\\/\"},\"author\":{\"name\":\"mindself\",\"@id\":\"https:\\\/\\\/www.mindself.com.br\\\/en\\\/#\\\/schema\\\/person\\\/21511da00f6e56a4d61d031e75683709\"},\"headline\":\"A sa\u00fade mental ainda \u00e9 um tabu nas organiza\u00e7\u00f5es\u00a0\",\"datePublished\":\"2022-06-10T17:52:02+00:00\",\"dateModified\":\"2022-06-10T17:54:40+00:00\",\"mainEntityOfPage\":{\"@id\":\"https:\\\/\\\/www.mindself.com.br\\\/en\\\/post\\\/a-saude-mental-ainda-e-um-tabu-nas-organizacoes\\\/\"},\"wordCount\":813,\"commentCount\":0,\"publisher\":{\"@id\":\"https:\\\/\\\/www.mindself.com.br\\\/en\\\/#organization\"},\"image\":{\"@id\":\"https:\\\/\\\/www.mindself.com.br\\\/en\\\/post\\\/a-saude-mental-ainda-e-um-tabu-nas-organizacoes\\\/#primaryimage\"},\"thumbnailUrl\":\"https:\\\/\\\/www.mindself.com.br\\\/wp-content\\\/uploads\\\/2022\\\/06\\\/A-saude-mental-ainda-e-um-tabu-nas-organizacoes-1.jpg\",\"keywords\":[\"mental\",\"mindfulness\",\"mindself\",\"organiza\u00e7\u00f5es\",\"saude\",\"saude mental\",\"tabu\"],\"inLanguage\":\"en-US\"},{\"@type\":\"WebPage\",\"@id\":\"https:\\\/\\\/www.mindself.com.br\\\/en\\\/post\\\/a-saude-mental-ainda-e-um-tabu-nas-organizacoes\\\/\",\"url\":\"https:\\\/\\\/www.mindself.com.br\\\/en\\\/post\\\/a-saude-mental-ainda-e-um-tabu-nas-organizacoes\\\/\",\"name\":\"A sa\u00fade mental ainda \u00e9 um tabu nas organiza\u00e7\u00f5es\u00a0 - MINDSELF\",\"isPartOf\":{\"@id\":\"https:\\\/\\\/www.mindself.com.br\\\/en\\\/#website\"},\"primaryImageOfPage\":{\"@id\":\"https:\\\/\\\/www.mindself.com.br\\\/en\\\/post\\\/a-saude-mental-ainda-e-um-tabu-nas-organizacoes\\\/#primaryimage\"},\"image\":{\"@id\":\"https:\\\/\\\/www.mindself.com.br\\\/en\\\/post\\\/a-saude-mental-ainda-e-um-tabu-nas-organizacoes\\\/#primaryimage\"},\"thumbnailUrl\":\"https:\\\/\\\/www.mindself.com.br\\\/wp-content\\\/uploads\\\/2022\\\/06\\\/A-saude-mental-ainda-e-um-tabu-nas-organizacoes-1.jpg\",\"datePublished\":\"2022-06-10T17:52:02+00:00\",\"dateModified\":\"2022-06-10T17:54:40+00:00\",\"description\":\"Neste artigo trataremos sobre \\\"A sa\u00fade mental ainda \u00e9 um tabu nas organiza\u00e7\u00f5es\u00a0\\\" atrav\u00e9s da vis\u00e3o de praticantes de medita\u00e7\u00e3o e especialistas em desenvolvimento pessoal. Leia mais!\",\"breadcrumb\":{\"@id\":\"https:\\\/\\\/www.mindself.com.br\\\/en\\\/post\\\/a-saude-mental-ainda-e-um-tabu-nas-organizacoes\\\/#breadcrumb\"},\"inLanguage\":\"en-US\",\"potentialAction\":[{\"@type\":\"ReadAction\",\"target\":[\"https:\\\/\\\/www.mindself.com.br\\\/en\\\/post\\\/a-saude-mental-ainda-e-um-tabu-nas-organizacoes\\\/\"]}]},{\"@type\":\"ImageObject\",\"inLanguage\":\"en-US\",\"@id\":\"https:\\\/\\\/www.mindself.com.br\\\/en\\\/post\\\/a-saude-mental-ainda-e-um-tabu-nas-organizacoes\\\/#primaryimage\",\"url\":\"https:\\\/\\\/www.mindself.com.br\\\/wp-content\\\/uploads\\\/2022\\\/06\\\/A-saude-mental-ainda-e-um-tabu-nas-organizacoes-1.jpg\",\"contentUrl\":\"https:\\\/\\\/www.mindself.com.br\\\/wp-content\\\/uploads\\\/2022\\\/06\\\/A-saude-mental-ainda-e-um-tabu-nas-organizacoes-1.jpg\",\"width\":940,\"height\":534,\"caption\":\"A saude mental ainda e um tabu nas organizacoes\"},{\"@type\":\"BreadcrumbList\",\"@id\":\"https:\\\/\\\/www.mindself.com.br\\\/en\\\/post\\\/a-saude-mental-ainda-e-um-tabu-nas-organizacoes\\\/#breadcrumb\",\"itemListElement\":[{\"@type\":\"ListItem\",\"position\":1,\"name\":\"In\u00edcio\",\"item\":\"https:\\\/\\\/www.mindself.com.br\\\/\"},{\"@type\":\"ListItem\",\"position\":2,\"name\":\"A sa\u00fade mental ainda \u00e9 um tabu nas organiza\u00e7\u00f5es\u00a0\"}]},{\"@type\":\"WebSite\",\"@id\":\"https:\\\/\\\/www.mindself.com.br\\\/en\\\/#website\",\"url\":\"https:\\\/\\\/www.mindself.com.br\\\/en\\\/\",\"name\":\"MINDSELF\",\"description\":\"\",\"publisher\":{\"@id\":\"https:\\\/\\\/www.mindself.com.br\\\/en\\\/#organization\"},\"potentialAction\":[{\"@type\":\"SearchAction\",\"target\":{\"@type\":\"EntryPoint\",\"urlTemplate\":\"https:\\\/\\\/www.mindself.com.br\\\/en\\\/?s={search_term_string}\"},\"query-input\":{\"@type\":\"PropertyValueSpecification\",\"valueRequired\":true,\"valueName\":\"search_term_string\"}}],\"inLanguage\":\"en-US\"},{\"@type\":\"Organization\",\"@id\":\"https:\\\/\\\/www.mindself.com.br\\\/en\\\/#organization\",\"name\":\"MINDSELF\",\"url\":\"https:\\\/\\\/www.mindself.com.br\\\/en\\\/\",\"logo\":{\"@type\":\"ImageObject\",\"inLanguage\":\"en-US\",\"@id\":\"https:\\\/\\\/www.mindself.com.br\\\/en\\\/#\\\/schema\\\/logo\\\/image\\\/\",\"url\":\"https:\\\/\\\/www.mindself.com.br\\\/wp-content\\\/uploads\\\/2018\\\/09\\\/frame-164451.png\",\"contentUrl\":\"https:\\\/\\\/www.mindself.com.br\\\/wp-content\\\/uploads\\\/2018\\\/09\\\/frame-164451.png\",\"width\":306,\"height\":42,\"caption\":\"MINDSELF\"},\"image\":{\"@id\":\"https:\\\/\\\/www.mindself.com.br\\\/en\\\/#\\\/schema\\\/logo\\\/image\\\/\"},\"sameAs\":[\"https:\\\/\\\/www.facebook.com\\\/mindselfmeditacao\",\"https:\\\/\\\/www.instagram.com\\\/mindself_meditacao\\\/\",\"https:\\\/\\\/www.linkedin.com\\\/company\\\/mindself\\\/\"]},{\"@type\":\"Person\",\"@id\":\"https:\\\/\\\/www.mindself.com.br\\\/en\\\/#\\\/schema\\\/person\\\/21511da00f6e56a4d61d031e75683709\",\"name\":\"mindself\",\"url\":\"https:\\\/\\\/www.mindself.com.br\\\/en\\\/post\\\/author\\\/mindself\\\/\"}]}<\/script>\n<!-- \/ Yoast SEO plugin. -->","yoast_head_json":{"title":"A sa\u00fade mental ainda \u00e9 um tabu nas organiza\u00e7\u00f5es\u00a0 - MINDSELF","description":"Neste artigo trataremos sobre \"A sa\u00fade mental ainda \u00e9 um tabu nas organiza\u00e7\u00f5es\u00a0\" atrav\u00e9s da vis\u00e3o de praticantes de medita\u00e7\u00e3o e especialistas em desenvolvimento pessoal. Leia mais!","robots":{"index":"index","follow":"follow","max-snippet":"max-snippet:-1","max-image-preview":"max-image-preview:large","max-video-preview":"max-video-preview:-1"},"canonical":"https:\/\/www.mindself.com.br\/en\/post\/a-saude-mental-ainda-e-um-tabu-nas-organizacoes\/","og_locale":"en_US","og_type":"article","og_title":"A sa\u00fade mental ainda \u00e9 um tabu nas organiza\u00e7\u00f5es\u00a0 - MINDSELF","og_description":"Neste artigo trataremos sobre \"A sa\u00fade mental ainda \u00e9 um tabu nas organiza\u00e7\u00f5es\u00a0\" atrav\u00e9s da vis\u00e3o de praticantes de medita\u00e7\u00e3o e especialistas em desenvolvimento pessoal. Leia mais!","og_url":"https:\/\/www.mindself.com.br\/en\/post\/a-saude-mental-ainda-e-um-tabu-nas-organizacoes\/","og_site_name":"MINDSELF","article_publisher":"https:\/\/www.facebook.com\/mindselfmeditacao","article_published_time":"2022-06-10T17:52:02+00:00","article_modified_time":"2022-06-10T17:54:40+00:00","og_image":[{"width":940,"height":534,"url":"https:\/\/www.mindself.com.br\/wp-content\/uploads\/2022\/06\/A-saude-mental-ainda-e-um-tabu-nas-organizacoes-1.jpg","type":"image\/jpeg"}],"author":"mindself","twitter_card":"summary_large_image","twitter_misc":{"Written by":"mindself","Est. reading time":"5 minutes"},"schema":{"@context":"https:\/\/schema.org","@graph":[{"@type":"Article","@id":"https:\/\/www.mindself.com.br\/en\/post\/a-saude-mental-ainda-e-um-tabu-nas-organizacoes\/#article","isPartOf":{"@id":"https:\/\/www.mindself.com.br\/en\/post\/a-saude-mental-ainda-e-um-tabu-nas-organizacoes\/"},"author":{"name":"mindself","@id":"https:\/\/www.mindself.com.br\/en\/#\/schema\/person\/21511da00f6e56a4d61d031e75683709"},"headline":"A sa\u00fade mental ainda \u00e9 um tabu nas organiza\u00e7\u00f5es\u00a0","datePublished":"2022-06-10T17:52:02+00:00","dateModified":"2022-06-10T17:54:40+00:00","mainEntityOfPage":{"@id":"https:\/\/www.mindself.com.br\/en\/post\/a-saude-mental-ainda-e-um-tabu-nas-organizacoes\/"},"wordCount":813,"commentCount":0,"publisher":{"@id":"https:\/\/www.mindself.com.br\/en\/#organization"},"image":{"@id":"https:\/\/www.mindself.com.br\/en\/post\/a-saude-mental-ainda-e-um-tabu-nas-organizacoes\/#primaryimage"},"thumbnailUrl":"https:\/\/www.mindself.com.br\/wp-content\/uploads\/2022\/06\/A-saude-mental-ainda-e-um-tabu-nas-organizacoes-1.jpg","keywords":["mental","mindfulness","mindself","organiza\u00e7\u00f5es","saude","saude mental","tabu"],"inLanguage":"en-US"},{"@type":"WebPage","@id":"https:\/\/www.mindself.com.br\/en\/post\/a-saude-mental-ainda-e-um-tabu-nas-organizacoes\/","url":"https:\/\/www.mindself.com.br\/en\/post\/a-saude-mental-ainda-e-um-tabu-nas-organizacoes\/","name":"A sa\u00fade mental ainda \u00e9 um tabu nas organiza\u00e7\u00f5es\u00a0 - MINDSELF","isPartOf":{"@id":"https:\/\/www.mindself.com.br\/en\/#website"},"primaryImageOfPage":{"@id":"https:\/\/www.mindself.com.br\/en\/post\/a-saude-mental-ainda-e-um-tabu-nas-organizacoes\/#primaryimage"},"image":{"@id":"https:\/\/www.mindself.com.br\/en\/post\/a-saude-mental-ainda-e-um-tabu-nas-organizacoes\/#primaryimage"},"thumbnailUrl":"https:\/\/www.mindself.com.br\/wp-content\/uploads\/2022\/06\/A-saude-mental-ainda-e-um-tabu-nas-organizacoes-1.jpg","datePublished":"2022-06-10T17:52:02+00:00","dateModified":"2022-06-10T17:54:40+00:00","description":"Neste artigo trataremos sobre \"A sa\u00fade mental ainda \u00e9 um tabu nas organiza\u00e7\u00f5es\u00a0\" atrav\u00e9s da vis\u00e3o de praticantes de medita\u00e7\u00e3o e especialistas em desenvolvimento pessoal. Leia mais!","breadcrumb":{"@id":"https:\/\/www.mindself.com.br\/en\/post\/a-saude-mental-ainda-e-um-tabu-nas-organizacoes\/#breadcrumb"},"inLanguage":"en-US","potentialAction":[{"@type":"ReadAction","target":["https:\/\/www.mindself.com.br\/en\/post\/a-saude-mental-ainda-e-um-tabu-nas-organizacoes\/"]}]},{"@type":"ImageObject","inLanguage":"en-US","@id":"https:\/\/www.mindself.com.br\/en\/post\/a-saude-mental-ainda-e-um-tabu-nas-organizacoes\/#primaryimage","url":"https:\/\/www.mindself.com.br\/wp-content\/uploads\/2022\/06\/A-saude-mental-ainda-e-um-tabu-nas-organizacoes-1.jpg","contentUrl":"https:\/\/www.mindself.com.br\/wp-content\/uploads\/2022\/06\/A-saude-mental-ainda-e-um-tabu-nas-organizacoes-1.jpg","width":940,"height":534,"caption":"A saude mental ainda e um tabu nas organizacoes"},{"@type":"BreadcrumbList","@id":"https:\/\/www.mindself.com.br\/en\/post\/a-saude-mental-ainda-e-um-tabu-nas-organizacoes\/#breadcrumb","itemListElement":[{"@type":"ListItem","position":1,"name":"In\u00edcio","item":"https:\/\/www.mindself.com.br\/"},{"@type":"ListItem","position":2,"name":"A sa\u00fade mental ainda \u00e9 um tabu nas organiza\u00e7\u00f5es\u00a0"}]},{"@type":"WebSite","@id":"https:\/\/www.mindself.com.br\/en\/#website","url":"https:\/\/www.mindself.com.br\/en\/","name":"MINDSELF","description":"","publisher":{"@id":"https:\/\/www.mindself.com.br\/en\/#organization"},"potentialAction":[{"@type":"SearchAction","target":{"@type":"EntryPoint","urlTemplate":"https:\/\/www.mindself.com.br\/en\/?s={search_term_string}"},"query-input":{"@type":"PropertyValueSpecification","valueRequired":true,"valueName":"search_term_string"}}],"inLanguage":"en-US"},{"@type":"Organization","@id":"https:\/\/www.mindself.com.br\/en\/#organization","name":"MINDSELF","url":"https:\/\/www.mindself.com.br\/en\/","logo":{"@type":"ImageObject","inLanguage":"en-US","@id":"https:\/\/www.mindself.com.br\/en\/#\/schema\/logo\/image\/","url":"https:\/\/www.mindself.com.br\/wp-content\/uploads\/2018\/09\/frame-164451.png","contentUrl":"https:\/\/www.mindself.com.br\/wp-content\/uploads\/2018\/09\/frame-164451.png","width":306,"height":42,"caption":"MINDSELF"},"image":{"@id":"https:\/\/www.mindself.com.br\/en\/#\/schema\/logo\/image\/"},"sameAs":["https:\/\/www.facebook.com\/mindselfmeditacao","https:\/\/www.instagram.com\/mindself_meditacao\/","https:\/\/www.linkedin.com\/company\/mindself\/"]},{"@type":"Person","@id":"https:\/\/www.mindself.com.br\/en\/#\/schema\/person\/21511da00f6e56a4d61d031e75683709","name":"mindself","url":"https:\/\/www.mindself.com.br\/en\/post\/author\/mindself\/"}]}},"_links":{"self":[{"href":"https:\/\/www.mindself.com.br\/en\/wp-json\/wp\/v2\/posts\/2657","targetHints":{"allow":["GET"]}}],"collection":[{"href":"https:\/\/www.mindself.com.br\/en\/wp-json\/wp\/v2\/posts"}],"about":[{"href":"https:\/\/www.mindself.com.br\/en\/wp-json\/wp\/v2\/types\/post"}],"author":[{"embeddable":true,"href":"https:\/\/www.mindself.com.br\/en\/wp-json\/wp\/v2\/users\/17"}],"replies":[{"embeddable":true,"href":"https:\/\/www.mindself.com.br\/en\/wp-json\/wp\/v2\/comments?post=2657"}],"version-history":[{"count":3,"href":"https:\/\/www.mindself.com.br\/en\/wp-json\/wp\/v2\/posts\/2657\/revisions"}],"predecessor-version":[{"id":2661,"href":"https:\/\/www.mindself.com.br\/en\/wp-json\/wp\/v2\/posts\/2657\/revisions\/2661"}],"wp:featuredmedia":[{"embeddable":true,"href":"https:\/\/www.mindself.com.br\/en\/wp-json\/wp\/v2\/media\/2659"}],"wp:attachment":[{"href":"https:\/\/www.mindself.com.br\/en\/wp-json\/wp\/v2\/media?parent=2657"}],"wp:term":[{"taxonomy":"category","embeddable":true,"href":"https:\/\/www.mindself.com.br\/en\/wp-json\/wp\/v2\/categories?post=2657"},{"taxonomy":"post_tag","embeddable":true,"href":"https:\/\/www.mindself.com.br\/en\/wp-json\/wp\/v2\/tags?post=2657"}],"curies":[{"name":"wp","href":"https:\/\/api.w.org\/{rel}","templated":true}]}}