{"id":2445,"date":"2022-02-22T13:22:01","date_gmt":"2022-02-22T16:22:01","guid":{"rendered":"https:\/\/www.mindself.com.br\/?p=2445"},"modified":"2022-03-23T17:40:47","modified_gmt":"2022-03-23T20:40:47","slug":"atencao-plena","status":"publish","type":"post","link":"https:\/\/www.mindself.com.br\/en\/post\/atencao-plena\/","title":{"rendered":"Aten\u00e7\u00e3o plena"},"content":{"rendered":"<p id=\"viewer-foo\" class=\"mm8Nw _1j-51 iWv3d _1FoOD _78FBa b+iTF iWv3d public-DraftStyleDefault-block-depth0 fixed-tab-size public-DraftStyleDefault-text-ltr\"><span class=\"_2PHJq public-DraftStyleDefault-ltr\">Mindfulness ou aten\u00e7\u00e3o plena pode ser descrito como um conjunto de pr\u00e1ticas, com milhares de estudos cient\u00edficos realizados nas \u00faltimas d\u00e9cadas, que te ajudam a manter o foco no momento presente, te possibilitando lidar melhor com as distra\u00e7\u00f5es externas e pensamentos diversos que atrapalham na execu\u00e7\u00e3o de distintas atividades do seu dia-a-dia.<\/span><\/p>\n<div data-hook=\"rcv-block1\"><\/div>\n<div id=\"viewer-43i77\" class=\"mm8Nw _1j-51 iWv3d _1FoOD _3M0Fe aujbK iWv3d public-DraftStyleDefault-block-depth0 fixed-tab-size public-DraftStyleDefault-text-ltr\"><span class=\"_2PHJq public-DraftStyleDefault-ltr\">\u00a0<\/span><\/div>\n<div data-hook=\"rcv-block2\"><\/div>\n<p id=\"viewer-df6e6\" class=\"mm8Nw _1j-51 iWv3d _1FoOD _78FBa b+iTF iWv3d public-DraftStyleDefault-block-depth0 fixed-tab-size public-DraftStyleDefault-text-ltr\"><span class=\"_2PHJq public-DraftStyleDefault-ltr\">O objetivo dessa pr\u00e1tica \u00e9 fazer com que as pessoas saiam do piloto autom\u00e1tico e assumam verdadeira consci\u00eancia sobre o momento presente, as sensa\u00e7\u00f5es e emo\u00e7\u00f5es que as envolvem. Vale ressaltar que o Mindfulness praticado regularmente proporciona maior intelig\u00eancia emocional, trabalhando empatia e autoconhecimento, al\u00e9m de reduzir os sintomas da ansiedade, da depress\u00e3o e da ins\u00f4nia.<\/span><\/p>\n<div data-hook=\"rcv-block3\"><\/div>\n<div id=\"viewer-frkpa\" class=\"mm8Nw _1j-51 iWv3d _1FoOD _3M0Fe aujbK iWv3d public-DraftStyleDefault-block-depth0 fixed-tab-size public-DraftStyleDefault-text-ltr\"><span class=\"_2PHJq public-DraftStyleDefault-ltr\">\u00a0<\/span><\/div>\n<div data-hook=\"rcv-block4\"><\/div>\n<p id=\"viewer-u15g\" class=\"mm8Nw _1j-51 iWv3d _1FoOD _78FBa b+iTF iWv3d public-DraftStyleDefault-block-depth0 fixed-tab-size public-DraftStyleDefault-text-ltr\"><span class=\"_2PHJq public-DraftStyleDefault-ltr\"><em>Mindfulness, segundo o prof. Jon Kabat-Zinn, grande estudioso da pr\u00e1tica e um dos respons\u00e1veis por sua populariza\u00e7\u00e3o, \u00e9 a \u201cA consci\u00eancia que surge quando prestamos aten\u00e7\u00e3o \u2013 com prop\u00f3sito \u2013 no aqui e agora, sem qualquer julgamento no momento\u201d.<\/em><\/span><\/p>\n<div data-hook=\"rcv-block5\"><\/div>\n<h2 id=\"viewer-4lm1\" class=\"eSWI6 _1j-51 _1FoOD _78FBa b+iTF iWv3d public-DraftStyleDefault-block-depth0 fixed-tab-size public-DraftStyleDefault-text-ltr\"><\/h2>\n<div data-hook=\"rcv-block6\"><\/div>\n<h2 id=\"viewer-5q9i4\" class=\"eSWI6 _1j-51 _1FoOD _78FBa b+iTF iWv3d public-DraftStyleDefault-block-depth0 fixed-tab-size public-DraftStyleDefault-text-ltr\"><span class=\"_2PHJq public-DraftStyleDefault-ltr\"><strong>Qual a diferen\u00e7a para a medita\u00e7\u00e3o tradicional?<\/strong><\/span><\/h2>\n<div data-hook=\"rcv-block7\"><\/div>\n<div id=\"viewer-6fp68\" class=\"mm8Nw _1j-51 iWv3d _1FoOD _3M0Fe aujbK iWv3d public-DraftStyleDefault-block-depth0 fixed-tab-size public-DraftStyleDefault-text-ltr\"><span class=\"_2PHJq public-DraftStyleDefault-ltr\">\u00a0<\/span><\/div>\n<div data-hook=\"rcv-block8\"><\/div>\n<p id=\"viewer-djgrj\" class=\"mm8Nw _1j-51 iWv3d _1FoOD _78FBa b+iTF iWv3d public-DraftStyleDefault-block-depth0 fixed-tab-size public-DraftStyleDefault-text-ltr\"><span class=\"_2PHJq public-DraftStyleDefault-ltr\">De certo modo, a t\u00e9cnica Mindfulness pode ser considerada um tipo de medita\u00e7\u00e3o. Entretanto, o estado mindful \u00e9 um estado em que podemos estar a qualquer momento, quando efetivamente prestamos aten\u00e7\u00e3o focada, consciente, naquilo que estamos realizando naquele momento. Por exemplo, fazer uma refei\u00e7\u00e3o prestando aten\u00e7\u00e3o plena nos alimentos, nos sabores, texturas, temperatura, aromas, etc. Isso \u00e9 o que se chama, por exemplo, de <em>mindful eating<\/em>. Enquanto que medita\u00e7\u00e3o \u00e9 a pr\u00e1tica formal em si. \u00c9 quando paramos e praticamos a medita\u00e7\u00e3o e n\u00e3o estamos fazendo outra atividade.<\/span><\/p>\n<div data-hook=\"rcv-block9\"><\/div>\n<p id=\"viewer-ectve\" class=\"mm8Nw _1j-51 iWv3d _1FoOD _78FBa b+iTF iWv3d public-DraftStyleDefault-block-depth0 fixed-tab-size public-DraftStyleDefault-text-ltr\">\n<div data-hook=\"rcv-block10\"><\/div>\n<p id=\"viewer-1ek5i\" class=\"mm8Nw _1j-51 iWv3d _1FoOD _78FBa b+iTF iWv3d public-DraftStyleDefault-block-depth0 fixed-tab-size public-DraftStyleDefault-text-ltr\"><span class=\"_2PHJq public-DraftStyleDefault-ltr\">Com a aten\u00e7\u00e3o plena, a inten\u00e7\u00e3o \u00e9 manter o foco no momento presente. Ent\u00e3o, n\u00e3o \u00e9 para fugir de qualquer tipo de pensamento e, sim, deixar a mente focada e fazer com que as distra\u00e7\u00f5es que apare\u00e7am, sejam \u201cdeixadas de lado\u201d naquele momento assim que forem reconhecidas como distra\u00e7\u00f5es, voltar o foco para o que interessa naquele instante.<\/span><\/p>\n<div data-hook=\"rcv-block11\"><\/div>\n<div id=\"viewer-7ifsl\" class=\"mm8Nw _1j-51 iWv3d _1FoOD _3M0Fe aujbK iWv3d public-DraftStyleDefault-block-depth0 fixed-tab-size public-DraftStyleDefault-text-ltr\"><span class=\"_2PHJq public-DraftStyleDefault-ltr\">\u00a0<\/span><\/div>\n<div data-hook=\"rcv-block12\"><\/div>\n<h2 id=\"viewer-dqv9p\" class=\"eSWI6 _1j-51 _1FoOD _78FBa b+iTF iWv3d public-DraftStyleDefault-block-depth0 fixed-tab-size public-DraftStyleDefault-text-ltr\"><span class=\"_2PHJq public-DraftStyleDefault-ltr\"><strong>Como aplicar a t\u00e9cnica Mindfulness<\/strong><\/span><\/h2>\n<div data-hook=\"rcv-block13\"><\/div>\n<div id=\"viewer-3048p\" class=\"mm8Nw _1j-51 iWv3d _1FoOD _3M0Fe aujbK iWv3d public-DraftStyleDefault-block-depth0 fixed-tab-size public-DraftStyleDefault-text-ltr\"><span class=\"_2PHJq public-DraftStyleDefault-ltr\">\u00a0<\/span><\/div>\n<div data-hook=\"rcv-block14\"><\/div>\n<p id=\"viewer-b6o26\" class=\"mm8Nw _1j-51 iWv3d _1FoOD _78FBa b+iTF iWv3d public-DraftStyleDefault-block-depth0 fixed-tab-size public-DraftStyleDefault-text-ltr\"><span class=\"_2PHJq public-DraftStyleDefault-ltr\">As formas mais simples de praticar o Mindfulness s\u00e3o baseadas em criar um ponto de aten\u00e7\u00e3o \u2013 chamado de \u00e2ncora, como a nossa respira\u00e7\u00e3o, por exemplo. A fim de obter progresso, os exerc\u00edcios devem ser feitos com regularidade, em ambientes preferencialmente mais silenciosos e posi\u00e7\u00f5es confort\u00e1veis. Contudo, tamb\u00e9m podem ser praticados durante algumas atividades rotineiras, como ao escovar os dentes, lavar a lou\u00e7a ou ao caminhar.<\/span><\/p>\n<div data-hook=\"rcv-block15\"><\/div>\n<p id=\"viewer-7bi11\" class=\"mm8Nw _1j-51 iWv3d _1FoOD _78FBa b+iTF iWv3d public-DraftStyleDefault-block-depth0 fixed-tab-size public-DraftStyleDefault-text-ltr\">\n<div data-hook=\"rcv-block16\"><\/div>\n<h2 id=\"viewer-bbj9\" class=\"eSWI6 _1j-51 _1FoOD _78FBa b+iTF iWv3d public-DraftStyleDefault-block-depth0 fixed-tab-size public-DraftStyleDefault-text-ltr\"><span class=\"_2PHJq public-DraftStyleDefault-ltr\"><strong>Quais s\u00e3o os benef\u00edcios do Mindfulness?<\/strong><\/span><\/h2>\n<div data-hook=\"rcv-block17\"><\/div>\n<p id=\"viewer-dht3p\" class=\"mm8Nw _1j-51 iWv3d _1FoOD _78FBa b+iTF iWv3d public-DraftStyleDefault-block-depth0 fixed-tab-size public-DraftStyleDefault-text-ltr\"><span class=\"_2PHJq public-DraftStyleDefault-ltr\">Adotar essa t\u00e9cnica em seu dia a dia oferece muitas vantagens, em diferentes aspectos do cotidiano. Ao colocar as a\u00e7\u00f5es em pr\u00e1tica do jeito certo, \u00e9 poss\u00edvel garantir mais qualidade de vida, bem como outros resultados interessantes. A seguir, veja quais s\u00e3o os principais benef\u00edcios da pr\u00e1tica regular do Mindfulness:<\/span><\/p>\n<div data-hook=\"rcv-block18\"><\/div>\n<p id=\"viewer-a0346\" class=\"mm8Nw _1j-51 iWv3d _1FoOD _78FBa b+iTF iWv3d public-DraftStyleDefault-block-depth0 fixed-tab-size public-DraftStyleDefault-text-ltr\">\n<div data-hook=\"rcv-block19\"><\/div>\n<ul class=\"public-DraftStyleDefault-ul\">\n<li id=\"viewer-cl1ot\" class=\"iWv3d xVLwT _3Kjjs _78FBa public-DraftStyleDefault-unorderedListItem public-DraftStyleDefault-depth0 public-DraftStyleDefault-list-ltr fixed-tab-size public-DraftStyleDefault-reset _1FoOD _78FBa b+iTF iWv3d NSjbv\">\n<p class=\"_1j-51 _1FoOD _78FBa b+iTF iWv3d undefined\">Redu\u00e7\u00e3o do estresse.<\/p>\n<\/li>\n<li id=\"viewer-fk00h\" class=\"iWv3d xVLwT _3Kjjs _78FBa public-DraftStyleDefault-unorderedListItem public-DraftStyleDefault-depth0 public-DraftStyleDefault-list-ltr fixed-tab-size _1FoOD _78FBa b+iTF iWv3d NSjbv\">\n<p class=\"_1j-51 _1FoOD _78FBa b+iTF iWv3d undefined\">Aumento da produtividade.<\/p>\n<\/li>\n<li id=\"viewer-8mbvp\" class=\"iWv3d xVLwT _3Kjjs _78FBa public-DraftStyleDefault-unorderedListItem public-DraftStyleDefault-depth0 public-DraftStyleDefault-list-ltr fixed-tab-size _1FoOD _78FBa b+iTF iWv3d NSjbv\">\n<p class=\"_1j-51 _1FoOD _78FBa b+iTF iWv3d undefined\">Melhora da capacidade cognitiva.<\/p>\n<\/li>\n<li id=\"viewer-bh3a5\" class=\"iWv3d xVLwT _3Kjjs _78FBa public-DraftStyleDefault-unorderedListItem public-DraftStyleDefault-depth0 public-DraftStyleDefault-list-ltr fixed-tab-size _1FoOD _78FBa b+iTF iWv3d NSjbv\">\n<p class=\"_1j-51 _1FoOD _78FBa b+iTF iWv3d undefined\">Amplia\u00e7\u00e3o da sensa\u00e7\u00e3o de bem-estar.<\/p>\n<\/li>\n<li id=\"viewer-98i3j\" class=\"iWv3d xVLwT _3Kjjs public-DraftStyleDefault-unorderedListItem public-DraftStyleDefault-depth0 public-DraftStyleDefault-list-ltr fixed-tab-size _1FoOD _3M0Fe aujbK iWv3d NSjbv\">\n<p class=\"_1j-51 _1FoOD _3M0Fe aujbK iWv3d\">Melhora do autoconhecimento.<\/p>\n<\/li>\n<li id=\"viewer-ab8sb\" class=\"iWv3d xVLwT _3Kjjs public-DraftStyleDefault-unorderedListItem public-DraftStyleDefault-depth0 public-DraftStyleDefault-list-ltr fixed-tab-size _1FoOD _3M0Fe aujbK iWv3d NSjbv\">\n<p class=\"_1j-51 _1FoOD _3M0Fe aujbK iWv3d\">Melhora a capacidade de tomada de decis\u00f5es.<\/p>\n<\/li>\n<\/ul>","protected":false},"excerpt":{"rendered":"<p>Mindfulness ou aten\u00e7\u00e3o plena pode ser descrito como um conjunto de pr\u00e1ticas, com milhares de estudos cient\u00edficos realizados nas \u00faltimas d\u00e9cadas, que te ajudam a manter o foco no momento presente, te possibilitando lidar melhor com as distra\u00e7\u00f5es externas e pensamentos diversos que atrapalham na execu\u00e7\u00e3o de distintas atividades do seu dia-a-dia. \u00a0 O objetivo [&hellip;]<\/p>\n","protected":false},"author":17,"featured_media":2446,"comment_status":"open","ping_status":"open","sticky":false,"template":"","format":"standard","meta":{"footnotes":""},"categories":[1],"tags":[],"class_list":["post-2445","post","type-post","status-publish","format-standard","has-post-thumbnail","hentry","category-uncategorized"],"yoast_head":"<!-- This site is optimized with the Yoast SEO plugin v27.4 - https:\/\/yoast.com\/product\/yoast-seo-wordpress\/ -->\n<title>Aten\u00e7\u00e3o plena - MINDSELF<\/title>\n<meta name=\"description\" content=\"Neste artigo trataremos sobre &quot;Aten\u00e7\u00e3o plena&quot; atrav\u00e9s da vis\u00e3o de praticantes de medita\u00e7\u00e3o e especialistas em desenvolvimento pessoal. Leia mais!\" \/>\n<meta name=\"robots\" content=\"index, follow, max-snippet:-1, max-image-preview:large, max-video-preview:-1\" \/>\n<link rel=\"canonical\" href=\"https:\/\/www.mindself.com.br\/en\/post\/atencao-plena\/\" \/>\n<meta property=\"og:locale\" content=\"en_US\" \/>\n<meta property=\"og:type\" content=\"article\" \/>\n<meta property=\"og:title\" content=\"Aten\u00e7\u00e3o plena - MINDSELF\" \/>\n<meta property=\"og:description\" content=\"Neste artigo trataremos sobre &quot;Aten\u00e7\u00e3o plena&quot; atrav\u00e9s da vis\u00e3o de praticantes de medita\u00e7\u00e3o e especialistas em desenvolvimento pessoal. Leia mais!\" \/>\n<meta property=\"og:url\" content=\"https:\/\/www.mindself.com.br\/en\/post\/atencao-plena\/\" \/>\n<meta property=\"og:site_name\" content=\"MINDSELF\" \/>\n<meta property=\"article:publisher\" content=\"https:\/\/www.facebook.com\/mindselfmeditacao\" \/>\n<meta property=\"article:published_time\" content=\"2022-02-22T16:22:01+00:00\" \/>\n<meta property=\"article:modified_time\" content=\"2022-03-23T20:40:47+00:00\" \/>\n<meta property=\"og:image\" content=\"https:\/\/www.mindself.com.br\/wp-content\/uploads\/2022\/03\/Img23.webp\" \/>\n\t<meta property=\"og:image:width\" content=\"740\" \/>\n\t<meta property=\"og:image:height\" content=\"463\" \/>\n\t<meta property=\"og:image:type\" content=\"image\/webp\" \/>\n<meta name=\"author\" content=\"mindself\" \/>\n<meta name=\"twitter:card\" content=\"summary_large_image\" \/>\n<meta name=\"twitter:label1\" content=\"Written by\" \/>\n\t<meta name=\"twitter:data1\" content=\"mindself\" \/>\n\t<meta name=\"twitter:label2\" content=\"Est. reading time\" \/>\n\t<meta name=\"twitter:data2\" content=\"3 minutes\" \/>\n<script type=\"application\/ld+json\" class=\"yoast-schema-graph\">{\"@context\":\"https:\\\/\\\/schema.org\",\"@graph\":[{\"@type\":\"Article\",\"@id\":\"https:\\\/\\\/www.mindself.com.br\\\/post\\\/atencao-plena\\\/#article\",\"isPartOf\":{\"@id\":\"https:\\\/\\\/www.mindself.com.br\\\/post\\\/atencao-plena\\\/\"},\"author\":{\"name\":\"mindself\",\"@id\":\"https:\\\/\\\/www.mindself.com.br\\\/en\\\/#\\\/schema\\\/person\\\/f05e4f1b257b4f5f5f436585abc8508a\"},\"headline\":\"Aten\u00e7\u00e3o plena\",\"datePublished\":\"2022-02-22T16:22:01+00:00\",\"dateModified\":\"2022-03-23T20:40:47+00:00\",\"mainEntityOfPage\":{\"@id\":\"https:\\\/\\\/www.mindself.com.br\\\/post\\\/atencao-plena\\\/\"},\"wordCount\":504,\"commentCount\":0,\"publisher\":{\"@id\":\"https:\\\/\\\/www.mindself.com.br\\\/en\\\/#organization\"},\"image\":{\"@id\":\"https:\\\/\\\/www.mindself.com.br\\\/post\\\/atencao-plena\\\/#primaryimage\"},\"thumbnailUrl\":\"https:\\\/\\\/www.mindself.com.br\\\/wp-content\\\/uploads\\\/2022\\\/03\\\/Img23.webp\",\"inLanguage\":\"en-US\"},{\"@type\":\"WebPage\",\"@id\":\"https:\\\/\\\/www.mindself.com.br\\\/post\\\/atencao-plena\\\/\",\"url\":\"https:\\\/\\\/www.mindself.com.br\\\/post\\\/atencao-plena\\\/\",\"name\":\"Aten\u00e7\u00e3o plena - MINDSELF\",\"isPartOf\":{\"@id\":\"https:\\\/\\\/www.mindself.com.br\\\/en\\\/#website\"},\"primaryImageOfPage\":{\"@id\":\"https:\\\/\\\/www.mindself.com.br\\\/post\\\/atencao-plena\\\/#primaryimage\"},\"image\":{\"@id\":\"https:\\\/\\\/www.mindself.com.br\\\/post\\\/atencao-plena\\\/#primaryimage\"},\"thumbnailUrl\":\"https:\\\/\\\/www.mindself.com.br\\\/wp-content\\\/uploads\\\/2022\\\/03\\\/Img23.webp\",\"datePublished\":\"2022-02-22T16:22:01+00:00\",\"dateModified\":\"2022-03-23T20:40:47+00:00\",\"description\":\"Neste artigo trataremos sobre \\\"Aten\u00e7\u00e3o plena\\\" atrav\u00e9s da vis\u00e3o de praticantes de medita\u00e7\u00e3o e especialistas em desenvolvimento pessoal. Leia mais!\",\"breadcrumb\":{\"@id\":\"https:\\\/\\\/www.mindself.com.br\\\/post\\\/atencao-plena\\\/#breadcrumb\"},\"inLanguage\":\"en-US\",\"potentialAction\":[{\"@type\":\"ReadAction\",\"target\":[\"https:\\\/\\\/www.mindself.com.br\\\/post\\\/atencao-plena\\\/\"]}]},{\"@type\":\"ImageObject\",\"inLanguage\":\"en-US\",\"@id\":\"https:\\\/\\\/www.mindself.com.br\\\/post\\\/atencao-plena\\\/#primaryimage\",\"url\":\"https:\\\/\\\/www.mindself.com.br\\\/wp-content\\\/uploads\\\/2022\\\/03\\\/Img23.webp\",\"contentUrl\":\"https:\\\/\\\/www.mindself.com.br\\\/wp-content\\\/uploads\\\/2022\\\/03\\\/Img23.webp\",\"width\":740,\"height\":463,\"caption\":\"Img\"},{\"@type\":\"BreadcrumbList\",\"@id\":\"https:\\\/\\\/www.mindself.com.br\\\/post\\\/atencao-plena\\\/#breadcrumb\",\"itemListElement\":[{\"@type\":\"ListItem\",\"position\":1,\"name\":\"In\u00edcio\",\"item\":\"https:\\\/\\\/www.mindself.com.br\\\/\"},{\"@type\":\"ListItem\",\"position\":2,\"name\":\"Aten\u00e7\u00e3o plena\"}]},{\"@type\":\"WebSite\",\"@id\":\"https:\\\/\\\/www.mindself.com.br\\\/en\\\/#website\",\"url\":\"https:\\\/\\\/www.mindself.com.br\\\/en\\\/\",\"name\":\"MINDSELF\",\"description\":\"\",\"publisher\":{\"@id\":\"https:\\\/\\\/www.mindself.com.br\\\/en\\\/#organization\"},\"potentialAction\":[{\"@type\":\"SearchAction\",\"target\":{\"@type\":\"EntryPoint\",\"urlTemplate\":\"https:\\\/\\\/www.mindself.com.br\\\/en\\\/?s={search_term_string}\"},\"query-input\":{\"@type\":\"PropertyValueSpecification\",\"valueRequired\":true,\"valueName\":\"search_term_string\"}}],\"inLanguage\":\"en-US\"},{\"@type\":\"Organization\",\"@id\":\"https:\\\/\\\/www.mindself.com.br\\\/en\\\/#organization\",\"name\":\"MINDSELF\",\"url\":\"https:\\\/\\\/www.mindself.com.br\\\/en\\\/\",\"logo\":{\"@type\":\"ImageObject\",\"inLanguage\":\"en-US\",\"@id\":\"https:\\\/\\\/www.mindself.com.br\\\/en\\\/#\\\/schema\\\/logo\\\/image\\\/\",\"url\":\"https:\\\/\\\/www.mindself.com.br\\\/wp-content\\\/uploads\\\/2018\\\/09\\\/frame-164451.png\",\"contentUrl\":\"https:\\\/\\\/www.mindself.com.br\\\/wp-content\\\/uploads\\\/2018\\\/09\\\/frame-164451.png\",\"width\":306,\"height\":42,\"caption\":\"MINDSELF\"},\"image\":{\"@id\":\"https:\\\/\\\/www.mindself.com.br\\\/en\\\/#\\\/schema\\\/logo\\\/image\\\/\"},\"sameAs\":[\"https:\\\/\\\/www.facebook.com\\\/mindselfmeditacao\",\"https:\\\/\\\/www.instagram.com\\\/mindself_meditacao\\\/\",\"https:\\\/\\\/www.linkedin.com\\\/company\\\/mindself\\\/\"]},{\"@type\":\"Person\",\"@id\":\"https:\\\/\\\/www.mindself.com.br\\\/en\\\/#\\\/schema\\\/person\\\/f05e4f1b257b4f5f5f436585abc8508a\",\"name\":\"mindself\",\"url\":\"https:\\\/\\\/www.mindself.com.br\\\/en\\\/post\\\/author\\\/mindself\\\/\"}]}<\/script>\n<!-- \/ Yoast SEO plugin. -->","yoast_head_json":{"title":"Aten\u00e7\u00e3o plena - MINDSELF","description":"Neste artigo trataremos sobre \"Aten\u00e7\u00e3o plena\" atrav\u00e9s da vis\u00e3o de praticantes de medita\u00e7\u00e3o e especialistas em desenvolvimento pessoal. Leia mais!","robots":{"index":"index","follow":"follow","max-snippet":"max-snippet:-1","max-image-preview":"max-image-preview:large","max-video-preview":"max-video-preview:-1"},"canonical":"https:\/\/www.mindself.com.br\/en\/post\/atencao-plena\/","og_locale":"en_US","og_type":"article","og_title":"Aten\u00e7\u00e3o plena - MINDSELF","og_description":"Neste artigo trataremos sobre \"Aten\u00e7\u00e3o plena\" atrav\u00e9s da vis\u00e3o de praticantes de medita\u00e7\u00e3o e especialistas em desenvolvimento pessoal. Leia mais!","og_url":"https:\/\/www.mindself.com.br\/en\/post\/atencao-plena\/","og_site_name":"MINDSELF","article_publisher":"https:\/\/www.facebook.com\/mindselfmeditacao","article_published_time":"2022-02-22T16:22:01+00:00","article_modified_time":"2022-03-23T20:40:47+00:00","og_image":[{"width":740,"height":463,"url":"https:\/\/www.mindself.com.br\/wp-content\/uploads\/2022\/03\/Img23.webp","type":"image\/webp"}],"author":"mindself","twitter_card":"summary_large_image","twitter_misc":{"Written by":"mindself","Est. reading time":"3 minutes"},"schema":{"@context":"https:\/\/schema.org","@graph":[{"@type":"Article","@id":"https:\/\/www.mindself.com.br\/post\/atencao-plena\/#article","isPartOf":{"@id":"https:\/\/www.mindself.com.br\/post\/atencao-plena\/"},"author":{"name":"mindself","@id":"https:\/\/www.mindself.com.br\/en\/#\/schema\/person\/f05e4f1b257b4f5f5f436585abc8508a"},"headline":"Aten\u00e7\u00e3o plena","datePublished":"2022-02-22T16:22:01+00:00","dateModified":"2022-03-23T20:40:47+00:00","mainEntityOfPage":{"@id":"https:\/\/www.mindself.com.br\/post\/atencao-plena\/"},"wordCount":504,"commentCount":0,"publisher":{"@id":"https:\/\/www.mindself.com.br\/en\/#organization"},"image":{"@id":"https:\/\/www.mindself.com.br\/post\/atencao-plena\/#primaryimage"},"thumbnailUrl":"https:\/\/www.mindself.com.br\/wp-content\/uploads\/2022\/03\/Img23.webp","inLanguage":"en-US"},{"@type":"WebPage","@id":"https:\/\/www.mindself.com.br\/post\/atencao-plena\/","url":"https:\/\/www.mindself.com.br\/post\/atencao-plena\/","name":"Aten\u00e7\u00e3o plena - MINDSELF","isPartOf":{"@id":"https:\/\/www.mindself.com.br\/en\/#website"},"primaryImageOfPage":{"@id":"https:\/\/www.mindself.com.br\/post\/atencao-plena\/#primaryimage"},"image":{"@id":"https:\/\/www.mindself.com.br\/post\/atencao-plena\/#primaryimage"},"thumbnailUrl":"https:\/\/www.mindself.com.br\/wp-content\/uploads\/2022\/03\/Img23.webp","datePublished":"2022-02-22T16:22:01+00:00","dateModified":"2022-03-23T20:40:47+00:00","description":"Neste artigo trataremos sobre \"Aten\u00e7\u00e3o plena\" atrav\u00e9s da vis\u00e3o de praticantes de medita\u00e7\u00e3o e especialistas em desenvolvimento pessoal. Leia mais!","breadcrumb":{"@id":"https:\/\/www.mindself.com.br\/post\/atencao-plena\/#breadcrumb"},"inLanguage":"en-US","potentialAction":[{"@type":"ReadAction","target":["https:\/\/www.mindself.com.br\/post\/atencao-plena\/"]}]},{"@type":"ImageObject","inLanguage":"en-US","@id":"https:\/\/www.mindself.com.br\/post\/atencao-plena\/#primaryimage","url":"https:\/\/www.mindself.com.br\/wp-content\/uploads\/2022\/03\/Img23.webp","contentUrl":"https:\/\/www.mindself.com.br\/wp-content\/uploads\/2022\/03\/Img23.webp","width":740,"height":463,"caption":"Img"},{"@type":"BreadcrumbList","@id":"https:\/\/www.mindself.com.br\/post\/atencao-plena\/#breadcrumb","itemListElement":[{"@type":"ListItem","position":1,"name":"In\u00edcio","item":"https:\/\/www.mindself.com.br\/"},{"@type":"ListItem","position":2,"name":"Aten\u00e7\u00e3o plena"}]},{"@type":"WebSite","@id":"https:\/\/www.mindself.com.br\/en\/#website","url":"https:\/\/www.mindself.com.br\/en\/","name":"MINDSELF","description":"","publisher":{"@id":"https:\/\/www.mindself.com.br\/en\/#organization"},"potentialAction":[{"@type":"SearchAction","target":{"@type":"EntryPoint","urlTemplate":"https:\/\/www.mindself.com.br\/en\/?s={search_term_string}"},"query-input":{"@type":"PropertyValueSpecification","valueRequired":true,"valueName":"search_term_string"}}],"inLanguage":"en-US"},{"@type":"Organization","@id":"https:\/\/www.mindself.com.br\/en\/#organization","name":"MINDSELF","url":"https:\/\/www.mindself.com.br\/en\/","logo":{"@type":"ImageObject","inLanguage":"en-US","@id":"https:\/\/www.mindself.com.br\/en\/#\/schema\/logo\/image\/","url":"https:\/\/www.mindself.com.br\/wp-content\/uploads\/2018\/09\/frame-164451.png","contentUrl":"https:\/\/www.mindself.com.br\/wp-content\/uploads\/2018\/09\/frame-164451.png","width":306,"height":42,"caption":"MINDSELF"},"image":{"@id":"https:\/\/www.mindself.com.br\/en\/#\/schema\/logo\/image\/"},"sameAs":["https:\/\/www.facebook.com\/mindselfmeditacao","https:\/\/www.instagram.com\/mindself_meditacao\/","https:\/\/www.linkedin.com\/company\/mindself\/"]},{"@type":"Person","@id":"https:\/\/www.mindself.com.br\/en\/#\/schema\/person\/f05e4f1b257b4f5f5f436585abc8508a","name":"mindself","url":"https:\/\/www.mindself.com.br\/en\/post\/author\/mindself\/"}]}},"_links":{"self":[{"href":"https:\/\/www.mindself.com.br\/en\/wp-json\/wp\/v2\/posts\/2445","targetHints":{"allow":["GET"]}}],"collection":[{"href":"https:\/\/www.mindself.com.br\/en\/wp-json\/wp\/v2\/posts"}],"about":[{"href":"https:\/\/www.mindself.com.br\/en\/wp-json\/wp\/v2\/types\/post"}],"author":[{"embeddable":true,"href":"https:\/\/www.mindself.com.br\/en\/wp-json\/wp\/v2\/users\/17"}],"replies":[{"embeddable":true,"href":"https:\/\/www.mindself.com.br\/en\/wp-json\/wp\/v2\/comments?post=2445"}],"version-history":[{"count":0,"href":"https:\/\/www.mindself.com.br\/en\/wp-json\/wp\/v2\/posts\/2445\/revisions"}],"wp:featuredmedia":[{"embeddable":true,"href":"https:\/\/www.mindself.com.br\/en\/wp-json\/wp\/v2\/media\/2446"}],"wp:attachment":[{"href":"https:\/\/www.mindself.com.br\/en\/wp-json\/wp\/v2\/media?parent=2445"}],"wp:term":[{"taxonomy":"category","embeddable":true,"href":"https:\/\/www.mindself.com.br\/en\/wp-json\/wp\/v2\/categories?post=2445"},{"taxonomy":"post_tag","embeddable":true,"href":"https:\/\/www.mindself.com.br\/en\/wp-json\/wp\/v2\/tags?post=2445"}],"curies":[{"name":"wp","href":"https:\/\/api.w.org\/{rel}","templated":true}]}}