{"id":2436,"date":"2022-02-10T13:14:51","date_gmt":"2022-02-10T16:14:51","guid":{"rendered":"https:\/\/www.mindself.com.br\/?p=2436"},"modified":"2022-03-23T17:40:51","modified_gmt":"2022-03-23T20:40:51","slug":"mindself-empresa-de-meditacao-e-mindfulness-para-o-mundo-corporativo","status":"publish","type":"post","link":"https:\/\/www.mindself.com.br\/en\/post\/mindself-empresa-de-meditacao-e-mindfulness-para-o-mundo-corporativo\/","title":{"rendered":"MindSelf: empresa de medita\u00e7\u00e3o e mindfulness para o mundo corporativo"},"content":{"rendered":"<p id=\"viewer-foo\" class=\"mm8Nw _1j-51 iWv3d _1FoOD _78FBa b+iTF iWv3d public-DraftStyleDefault-block-depth0 fixed-tab-size public-DraftStyleDefault-text-ltr\"><span class=\"_2PHJq public-DraftStyleDefault-ltr\">A MindSelf \u00e9 uma empresa especializada em Programas de Medita\u00e7\u00e3o e Mindfulness para o ambiente corporativo, levando o tema como ferramenta de treinamento mental e de desenvolvimento pessoal, al\u00e9m de promover maior equil\u00edbrio emocional e bem-estar.<\/span><\/p>\n<div data-hook=\"rcv-block1\"><\/div>\n<div id=\"viewer-eor3t\" class=\"mm8Nw _1j-51 iWv3d _1FoOD _3M0Fe aujbK iWv3d public-DraftStyleDefault-block-depth0 fixed-tab-size public-DraftStyleDefault-text-ltr\"><span class=\"_2PHJq public-DraftStyleDefault-ltr\">\u00a0<\/span><\/div>\n<div data-hook=\"rcv-block2\"><\/div>\n<p id=\"viewer-8vahm\" class=\"mm8Nw _1j-51 iWv3d _1FoOD _78FBa b+iTF iWv3d public-DraftStyleDefault-block-depth0 fixed-tab-size public-DraftStyleDefault-text-ltr\"><span class=\"_2PHJq public-DraftStyleDefault-ltr\">Criada em 2018,<em> a empresa desenvolveu uma metodologia pr\u00f3pria e exclusiva, totalmente voltada para aumentar as taxas de engajamento em seus Programas, desmistificando a rela\u00e7\u00e3o com a religiosidade e o esoterismo, utilizando-se de uma comunica\u00e7\u00e3o simples e adequada \u00e0s organiza\u00e7\u00f5es.<\/em> Dentre os servi\u00e7os oferecidos pela empresa est\u00e3o cursos de medita\u00e7\u00e3o e mindfulness (aten\u00e7\u00e3o plena), diferentes temas de palestras, incluindo a conscientiza\u00e7\u00e3o sobre as pr\u00e1ticas, autoconhecimento e equil\u00edbrio emocional, <em>workshops <\/em>para a lideran\u00e7a, pr\u00e1ticas guiadas com instrutor(a) ao vivo, p\u00edlulas de mindfulness para reuni\u00f5es de neg\u00f3cio, aplicativo pr\u00f3prio, avalia\u00e7\u00e3o de equil\u00edbrio emocional, al\u00e9m das exclusivas esta\u00e7\u00f5es de medita\u00e7\u00e3o em diferentes formatos. Tudo isso podendo ser contratado pontualmente ou estruturado em um formato de Programas recorrentes entregues aos clientes.<\/span><\/p>\n<div data-hook=\"rcv-block3\"><\/div>\n<div id=\"viewer-72i2m\" class=\"mm8Nw _1j-51 iWv3d _1FoOD _3M0Fe aujbK iWv3d public-DraftStyleDefault-block-depth0 fixed-tab-size public-DraftStyleDefault-text-ltr\"><span class=\"_2PHJq public-DraftStyleDefault-ltr\">\u00a0<\/span><\/div>\n<div data-hook=\"rcv-block4\"><\/div>\n<p id=\"viewer-dgdf4\" class=\"mm8Nw _1j-51 iWv3d _1FoOD _78FBa b+iTF iWv3d public-DraftStyleDefault-block-depth0 fixed-tab-size public-DraftStyleDefault-text-ltr\"><span class=\"_2PHJq public-DraftStyleDefault-ltr\">Al\u00e9m disso, a MindSelf procura sempre entender as peculiaridades e a cultura organizacional de cada corpora\u00e7\u00e3o, com o objetivo de entregar um programa que aproxima a medita\u00e7\u00e3o de pessoas que jamais imaginaram praticar este tipo de atividade. Sendo assim, <em>o grande foco \u00e9 no ser humano, em proporcionar a cada um a possibilidade de ser uma pessoa ainda melhor, atrav\u00e9s de uma pr\u00e1tica que foca o autoconhecimento.<\/em> E para a empresa os benef\u00edcios s\u00e3o ter uma equipe muito mais equilibrada emocionalmente e motivada, com um ambiente de trabalho melhor e uma lideran\u00e7a mais humanizada.<\/span><\/p>\n<div data-hook=\"rcv-block5\"><\/div>\n<div id=\"viewer-5asdl\" class=\"mm8Nw _1j-51 iWv3d _1FoOD _3M0Fe aujbK iWv3d public-DraftStyleDefault-block-depth0 fixed-tab-size public-DraftStyleDefault-text-ltr\"><span class=\"_2PHJq public-DraftStyleDefault-ltr\">\u00a0<\/span><\/div>\n<div data-hook=\"rcv-block6\"><\/div>\n<p id=\"viewer-4dio9\" class=\"mm8Nw _1j-51 iWv3d _1FoOD _78FBa b+iTF iWv3d public-DraftStyleDefault-block-depth0 fixed-tab-size public-DraftStyleDefault-text-ltr\"><span class=\"_2PHJq public-DraftStyleDefault-ltr\"><strong>A Medita\u00e7\u00e3o e o Mindfulness<\/strong><\/span><\/p>\n<div data-hook=\"rcv-block7\"><\/div>\n<div id=\"viewer-e0e7h\" class=\"mm8Nw _1j-51 iWv3d _1FoOD _3M0Fe aujbK iWv3d public-DraftStyleDefault-block-depth0 fixed-tab-size public-DraftStyleDefault-text-ltr\"><span class=\"_2PHJq public-DraftStyleDefault-ltr\">\u00a0<\/span><\/div>\n<div data-hook=\"rcv-block8\"><\/div>\n<p id=\"viewer-71ip3\" class=\"mm8Nw _1j-51 iWv3d _1FoOD _78FBa b+iTF iWv3d public-DraftStyleDefault-block-depth0 fixed-tab-size public-DraftStyleDefault-text-ltr\"><span class=\"_2PHJq public-DraftStyleDefault-ltr\">A pr\u00e1tica meditativa e o mindfulness (aten\u00e7\u00e3o plena) s\u00e3o objetos de pesquisas no mundo todo e a efic\u00e1cia no combate a problemas como depress\u00e3o e ansiedade tem sido estudada e demonstrada cientificamente, principalmente nos \u00faltimos anos. Por esse motivo, as atividades proporcionam aos colaboradores e gestores, maior capacidade de lidar com o stress, a ansiedade e os conflitos do dia a dia, ampliando o autoconhecimento e oferecendo muitos benef\u00edcios. <\/span><\/p>\n<div data-hook=\"rcv-block9\"><\/div>\n<div id=\"viewer-153p\" class=\"mm8Nw _1j-51 iWv3d _1FoOD _3M0Fe aujbK iWv3d public-DraftStyleDefault-block-depth0 fixed-tab-size public-DraftStyleDefault-text-ltr\"><span class=\"_2PHJq public-DraftStyleDefault-ltr\">\u00a0<\/span><\/div>\n<div data-hook=\"rcv-block10\"><\/div>\n<p id=\"viewer-1urpe\" class=\"mm8Nw _1j-51 iWv3d _1FoOD _78FBa b+iTF iWv3d public-DraftStyleDefault-block-depth0 fixed-tab-size public-DraftStyleDefault-text-ltr\"><span class=\"_2PHJq public-DraftStyleDefault-ltr\">Em outras palavras, n\u00e3o s\u00f3 auxiliam os profissionais a lidarem com os desafios e press\u00f5es que fazem parte da rotina, como tamb\u00e9m melhoram a concentra\u00e7\u00e3o, estimulam a criatividade, aumentam a produtividade, aprimoram o processo de tomada de decis\u00e3o, contribuem para o cultivo de relacionamentos e o bem-estar geral das pessoas nas organiza\u00e7\u00f5es. <\/span><\/p>\n<div data-hook=\"rcv-block11\"><\/div>\n<div id=\"viewer-d5p0j\" class=\"mm8Nw _1j-51 iWv3d _1FoOD _3M0Fe aujbK iWv3d public-DraftStyleDefault-block-depth0 fixed-tab-size public-DraftStyleDefault-text-ltr\"><span class=\"_2PHJq public-DraftStyleDefault-ltr\">\u00a0<\/span><\/div>\n<div data-hook=\"rcv-block12\"><\/div>\n<p id=\"viewer-7c0fj\" class=\"mm8Nw _1j-51 iWv3d _1FoOD _78FBa b+iTF iWv3d public-DraftStyleDefault-block-depth0 fixed-tab-size public-DraftStyleDefault-text-ltr\"><span class=\"_2PHJq public-DraftStyleDefault-ltr\"><strong>Mais sobre n\u00f3s<\/strong><\/span><\/p>\n<div data-hook=\"rcv-block13\"><\/div>\n<div id=\"viewer-35bgf\" class=\"mm8Nw _1j-51 iWv3d _1FoOD _3M0Fe aujbK iWv3d public-DraftStyleDefault-block-depth0 fixed-tab-size public-DraftStyleDefault-text-ltr\"><span class=\"_2PHJq public-DraftStyleDefault-ltr\">\u00a0<\/span><\/div>\n<div data-hook=\"rcv-block14\"><\/div>\n<p id=\"viewer-1h3ea\" class=\"mm8Nw _1j-51 iWv3d _1FoOD _78FBa b+iTF iWv3d public-DraftStyleDefault-block-depth0 fixed-tab-size public-DraftStyleDefault-text-ltr\"><span class=\"_2PHJq public-DraftStyleDefault-ltr\">O stress do dia-a-dia e uma rotina intensa motivaram os executivos Alexandre Ayres e Wagner Lima a fundarem a MindSelf,. Com carreiras consolidadas em grandes empresas, os s\u00f3cios conheceram as pr\u00e1ticas quando ainda estavam em cargos de lideran\u00e7a e precisavam lidar com as press\u00f5es do cotidiano, realidade enfrentada por muitos gestores. Ap\u00f3s alguns anos de pr\u00e1tica e estudos descobrindo os benef\u00edcios de meditar, eles perceberam a oportunidade de empreender e levar a medita\u00e7\u00e3o para colaboradores de diversas empresas. <\/span><\/p>\n<div data-hook=\"rcv-block15\"><\/div>\n<div id=\"viewer-2g510\" class=\"mm8Nw _1j-51 iWv3d _1FoOD _3M0Fe aujbK iWv3d public-DraftStyleDefault-block-depth0 fixed-tab-size public-DraftStyleDefault-text-ltr\"><span class=\"_2PHJq public-DraftStyleDefault-ltr\">\u00a0<\/span><\/div>\n<div data-hook=\"rcv-block16\"><\/div>\n<p id=\"viewer-hefc\" class=\"mm8Nw _1j-51 iWv3d _1FoOD _78FBa b+iTF iWv3d public-DraftStyleDefault-block-depth0 fixed-tab-size public-DraftStyleDefault-text-ltr\"><span class=\"_2PHJq public-DraftStyleDefault-ltr\">Atualmente, contamos com uma equipe de especialistas qualificados para ajudar os nossos clientes a terem um ambiente corporativo mais saud\u00e1vel, seja no home office ou em suas pr\u00f3prias instala\u00e7\u00f5es. <\/span><\/p>\n<div data-hook=\"rcv-block17\"><\/div>\n<p id=\"viewer-epm67\" class=\"mm8Nw _1j-51 iWv3d _1FoOD _78FBa b+iTF iWv3d public-DraftStyleDefault-block-depth0 fixed-tab-size public-DraftStyleDefault-text-ltr\"><span class=\"_2PHJq public-DraftStyleDefault-ltr\">N\u00f3s atendemos desde pequenos neg\u00f3cios at\u00e9 grandes companhias como Bayer, Ita\u00fa, Banco BV, Carrefour, Chubb, Smiles, dentre outros.<\/span><\/p>","protected":false},"excerpt":{"rendered":"<p>A MindSelf \u00e9 uma empresa especializada em Programas de Medita\u00e7\u00e3o e Mindfulness para o ambiente corporativo, levando o tema como ferramenta de treinamento mental e de desenvolvimento pessoal, al\u00e9m de promover maior equil\u00edbrio emocional e bem-estar. \u00a0 Criada em 2018, a empresa desenvolveu uma metodologia pr\u00f3pria e exclusiva, totalmente voltada para aumentar as taxas de [&hellip;]<\/p>\n","protected":false},"author":17,"featured_media":2437,"comment_status":"open","ping_status":"open","sticky":false,"template":"","format":"standard","meta":{"footnotes":""},"categories":[1],"tags":[],"class_list":["post-2436","post","type-post","status-publish","format-standard","has-post-thumbnail","hentry","category-uncategorized"],"yoast_head":"<!-- This site is optimized with the Yoast SEO plugin v27.4 - https:\/\/yoast.com\/product\/yoast-seo-wordpress\/ -->\n<title>MindSelf: empresa de medita\u00e7\u00e3o e mindfulness para o mundo corporativo - MINDSELF<\/title>\n<meta name=\"description\" content=\"Neste artigo trataremos sobre &quot;MindSelf: empresa de medita\u00e7\u00e3o e mindfulness para o mundo corporativo&quot; atrav\u00e9s da vis\u00e3o de praticantes de medita\u00e7\u00e3o e especialistas em desenvolvimento pessoal. Leia mais!\" \/>\n<meta name=\"robots\" content=\"index, follow, max-snippet:-1, max-image-preview:large, max-video-preview:-1\" \/>\n<link rel=\"canonical\" href=\"https:\/\/www.mindself.com.br\/en\/post\/mindself-empresa-de-meditacao-e-mindfulness-para-o-mundo-corporativo\/\" \/>\n<meta property=\"og:locale\" content=\"en_US\" \/>\n<meta property=\"og:type\" content=\"article\" \/>\n<meta property=\"og:title\" content=\"MindSelf: empresa de medita\u00e7\u00e3o e mindfulness para o mundo corporativo - MINDSELF\" \/>\n<meta property=\"og:description\" content=\"Neste artigo trataremos sobre &quot;MindSelf: empresa de medita\u00e7\u00e3o e mindfulness para o mundo corporativo&quot; atrav\u00e9s da vis\u00e3o de praticantes de medita\u00e7\u00e3o e especialistas em desenvolvimento pessoal. Leia mais!\" \/>\n<meta property=\"og:url\" content=\"https:\/\/www.mindself.com.br\/en\/post\/mindself-empresa-de-meditacao-e-mindfulness-para-o-mundo-corporativo\/\" \/>\n<meta property=\"og:site_name\" content=\"MINDSELF\" \/>\n<meta property=\"article:publisher\" content=\"https:\/\/www.facebook.com\/mindselfmeditacao\" \/>\n<meta property=\"article:published_time\" content=\"2022-02-10T16:14:51+00:00\" \/>\n<meta property=\"article:modified_time\" content=\"2022-03-23T20:40:51+00:00\" \/>\n<meta property=\"og:image\" content=\"https:\/\/www.mindself.com.br\/wp-content\/uploads\/2022\/03\/Img20.webp\" \/>\n\t<meta property=\"og:image:width\" content=\"315\" \/>\n\t<meta property=\"og:image:height\" content=\"315\" \/>\n\t<meta property=\"og:image:type\" content=\"image\/webp\" \/>\n<meta name=\"author\" content=\"mindself\" \/>\n<meta name=\"twitter:card\" content=\"summary_large_image\" \/>\n<meta name=\"twitter:label1\" content=\"Written by\" \/>\n\t<meta name=\"twitter:data1\" content=\"mindself\" \/>\n\t<meta name=\"twitter:label2\" content=\"Est. reading time\" \/>\n\t<meta name=\"twitter:data2\" content=\"3 minutes\" \/>\n<script type=\"application\/ld+json\" class=\"yoast-schema-graph\">{\"@context\":\"https:\\\/\\\/schema.org\",\"@graph\":[{\"@type\":\"Article\",\"@id\":\"https:\\\/\\\/www.mindself.com.br\\\/post\\\/mindself-empresa-de-meditacao-e-mindfulness-para-o-mundo-corporativo\\\/#article\",\"isPartOf\":{\"@id\":\"https:\\\/\\\/www.mindself.com.br\\\/post\\\/mindself-empresa-de-meditacao-e-mindfulness-para-o-mundo-corporativo\\\/\"},\"author\":{\"name\":\"mindself\",\"@id\":\"https:\\\/\\\/www.mindself.com.br\\\/en\\\/#\\\/schema\\\/person\\\/f05e4f1b257b4f5f5f436585abc8508a\"},\"headline\":\"MindSelf: empresa de medita\u00e7\u00e3o e mindfulness para o mundo corporativo\",\"datePublished\":\"2022-02-10T16:14:51+00:00\",\"dateModified\":\"2022-03-23T20:40:51+00:00\",\"mainEntityOfPage\":{\"@id\":\"https:\\\/\\\/www.mindself.com.br\\\/post\\\/mindself-empresa-de-meditacao-e-mindfulness-para-o-mundo-corporativo\\\/\"},\"wordCount\":570,\"commentCount\":0,\"publisher\":{\"@id\":\"https:\\\/\\\/www.mindself.com.br\\\/en\\\/#organization\"},\"image\":{\"@id\":\"https:\\\/\\\/www.mindself.com.br\\\/post\\\/mindself-empresa-de-meditacao-e-mindfulness-para-o-mundo-corporativo\\\/#primaryimage\"},\"thumbnailUrl\":\"https:\\\/\\\/www.mindself.com.br\\\/wp-content\\\/uploads\\\/2022\\\/03\\\/Img20.webp\",\"inLanguage\":\"en-US\"},{\"@type\":\"WebPage\",\"@id\":\"https:\\\/\\\/www.mindself.com.br\\\/post\\\/mindself-empresa-de-meditacao-e-mindfulness-para-o-mundo-corporativo\\\/\",\"url\":\"https:\\\/\\\/www.mindself.com.br\\\/post\\\/mindself-empresa-de-meditacao-e-mindfulness-para-o-mundo-corporativo\\\/\",\"name\":\"MindSelf: empresa de medita\u00e7\u00e3o e mindfulness para o mundo corporativo - MINDSELF\",\"isPartOf\":{\"@id\":\"https:\\\/\\\/www.mindself.com.br\\\/en\\\/#website\"},\"primaryImageOfPage\":{\"@id\":\"https:\\\/\\\/www.mindself.com.br\\\/post\\\/mindself-empresa-de-meditacao-e-mindfulness-para-o-mundo-corporativo\\\/#primaryimage\"},\"image\":{\"@id\":\"https:\\\/\\\/www.mindself.com.br\\\/post\\\/mindself-empresa-de-meditacao-e-mindfulness-para-o-mundo-corporativo\\\/#primaryimage\"},\"thumbnailUrl\":\"https:\\\/\\\/www.mindself.com.br\\\/wp-content\\\/uploads\\\/2022\\\/03\\\/Img20.webp\",\"datePublished\":\"2022-02-10T16:14:51+00:00\",\"dateModified\":\"2022-03-23T20:40:51+00:00\",\"description\":\"Neste artigo trataremos sobre \\\"MindSelf: empresa de medita\u00e7\u00e3o e mindfulness para o mundo corporativo\\\" atrav\u00e9s da vis\u00e3o de praticantes de medita\u00e7\u00e3o e especialistas em desenvolvimento pessoal. Leia mais!\",\"breadcrumb\":{\"@id\":\"https:\\\/\\\/www.mindself.com.br\\\/post\\\/mindself-empresa-de-meditacao-e-mindfulness-para-o-mundo-corporativo\\\/#breadcrumb\"},\"inLanguage\":\"en-US\",\"potentialAction\":[{\"@type\":\"ReadAction\",\"target\":[\"https:\\\/\\\/www.mindself.com.br\\\/post\\\/mindself-empresa-de-meditacao-e-mindfulness-para-o-mundo-corporativo\\\/\"]}]},{\"@type\":\"ImageObject\",\"inLanguage\":\"en-US\",\"@id\":\"https:\\\/\\\/www.mindself.com.br\\\/post\\\/mindself-empresa-de-meditacao-e-mindfulness-para-o-mundo-corporativo\\\/#primaryimage\",\"url\":\"https:\\\/\\\/www.mindself.com.br\\\/wp-content\\\/uploads\\\/2022\\\/03\\\/Img20.webp\",\"contentUrl\":\"https:\\\/\\\/www.mindself.com.br\\\/wp-content\\\/uploads\\\/2022\\\/03\\\/Img20.webp\",\"width\":315,\"height\":315,\"caption\":\"Img\"},{\"@type\":\"BreadcrumbList\",\"@id\":\"https:\\\/\\\/www.mindself.com.br\\\/post\\\/mindself-empresa-de-meditacao-e-mindfulness-para-o-mundo-corporativo\\\/#breadcrumb\",\"itemListElement\":[{\"@type\":\"ListItem\",\"position\":1,\"name\":\"In\u00edcio\",\"item\":\"https:\\\/\\\/www.mindself.com.br\\\/\"},{\"@type\":\"ListItem\",\"position\":2,\"name\":\"MindSelf: empresa de medita\u00e7\u00e3o e mindfulness para o mundo corporativo\"}]},{\"@type\":\"WebSite\",\"@id\":\"https:\\\/\\\/www.mindself.com.br\\\/en\\\/#website\",\"url\":\"https:\\\/\\\/www.mindself.com.br\\\/en\\\/\",\"name\":\"MINDSELF\",\"description\":\"\",\"publisher\":{\"@id\":\"https:\\\/\\\/www.mindself.com.br\\\/en\\\/#organization\"},\"potentialAction\":[{\"@type\":\"SearchAction\",\"target\":{\"@type\":\"EntryPoint\",\"urlTemplate\":\"https:\\\/\\\/www.mindself.com.br\\\/en\\\/?s={search_term_string}\"},\"query-input\":{\"@type\":\"PropertyValueSpecification\",\"valueRequired\":true,\"valueName\":\"search_term_string\"}}],\"inLanguage\":\"en-US\"},{\"@type\":\"Organization\",\"@id\":\"https:\\\/\\\/www.mindself.com.br\\\/en\\\/#organization\",\"name\":\"MINDSELF\",\"url\":\"https:\\\/\\\/www.mindself.com.br\\\/en\\\/\",\"logo\":{\"@type\":\"ImageObject\",\"inLanguage\":\"en-US\",\"@id\":\"https:\\\/\\\/www.mindself.com.br\\\/en\\\/#\\\/schema\\\/logo\\\/image\\\/\",\"url\":\"https:\\\/\\\/www.mindself.com.br\\\/wp-content\\\/uploads\\\/2018\\\/09\\\/frame-164451.png\",\"contentUrl\":\"https:\\\/\\\/www.mindself.com.br\\\/wp-content\\\/uploads\\\/2018\\\/09\\\/frame-164451.png\",\"width\":306,\"height\":42,\"caption\":\"MINDSELF\"},\"image\":{\"@id\":\"https:\\\/\\\/www.mindself.com.br\\\/en\\\/#\\\/schema\\\/logo\\\/image\\\/\"},\"sameAs\":[\"https:\\\/\\\/www.facebook.com\\\/mindselfmeditacao\",\"https:\\\/\\\/www.instagram.com\\\/mindself_meditacao\\\/\",\"https:\\\/\\\/www.linkedin.com\\\/company\\\/mindself\\\/\"]},{\"@type\":\"Person\",\"@id\":\"https:\\\/\\\/www.mindself.com.br\\\/en\\\/#\\\/schema\\\/person\\\/f05e4f1b257b4f5f5f436585abc8508a\",\"name\":\"mindself\",\"url\":\"https:\\\/\\\/www.mindself.com.br\\\/en\\\/post\\\/author\\\/mindself\\\/\"}]}<\/script>\n<!-- \/ Yoast SEO plugin. -->","yoast_head_json":{"title":"MindSelf: empresa de medita\u00e7\u00e3o e mindfulness para o mundo corporativo - MINDSELF","description":"Neste artigo trataremos sobre \"MindSelf: empresa de medita\u00e7\u00e3o e mindfulness para o mundo corporativo\" atrav\u00e9s da vis\u00e3o de praticantes de medita\u00e7\u00e3o e especialistas em desenvolvimento pessoal. Leia mais!","robots":{"index":"index","follow":"follow","max-snippet":"max-snippet:-1","max-image-preview":"max-image-preview:large","max-video-preview":"max-video-preview:-1"},"canonical":"https:\/\/www.mindself.com.br\/en\/post\/mindself-empresa-de-meditacao-e-mindfulness-para-o-mundo-corporativo\/","og_locale":"en_US","og_type":"article","og_title":"MindSelf: empresa de medita\u00e7\u00e3o e mindfulness para o mundo corporativo - MINDSELF","og_description":"Neste artigo trataremos sobre \"MindSelf: empresa de medita\u00e7\u00e3o e mindfulness para o mundo corporativo\" atrav\u00e9s da vis\u00e3o de praticantes de medita\u00e7\u00e3o e especialistas em desenvolvimento pessoal. Leia mais!","og_url":"https:\/\/www.mindself.com.br\/en\/post\/mindself-empresa-de-meditacao-e-mindfulness-para-o-mundo-corporativo\/","og_site_name":"MINDSELF","article_publisher":"https:\/\/www.facebook.com\/mindselfmeditacao","article_published_time":"2022-02-10T16:14:51+00:00","article_modified_time":"2022-03-23T20:40:51+00:00","og_image":[{"width":315,"height":315,"url":"https:\/\/www.mindself.com.br\/wp-content\/uploads\/2022\/03\/Img20.webp","type":"image\/webp"}],"author":"mindself","twitter_card":"summary_large_image","twitter_misc":{"Written by":"mindself","Est. reading time":"3 minutes"},"schema":{"@context":"https:\/\/schema.org","@graph":[{"@type":"Article","@id":"https:\/\/www.mindself.com.br\/post\/mindself-empresa-de-meditacao-e-mindfulness-para-o-mundo-corporativo\/#article","isPartOf":{"@id":"https:\/\/www.mindself.com.br\/post\/mindself-empresa-de-meditacao-e-mindfulness-para-o-mundo-corporativo\/"},"author":{"name":"mindself","@id":"https:\/\/www.mindself.com.br\/en\/#\/schema\/person\/f05e4f1b257b4f5f5f436585abc8508a"},"headline":"MindSelf: empresa de medita\u00e7\u00e3o e mindfulness para o mundo corporativo","datePublished":"2022-02-10T16:14:51+00:00","dateModified":"2022-03-23T20:40:51+00:00","mainEntityOfPage":{"@id":"https:\/\/www.mindself.com.br\/post\/mindself-empresa-de-meditacao-e-mindfulness-para-o-mundo-corporativo\/"},"wordCount":570,"commentCount":0,"publisher":{"@id":"https:\/\/www.mindself.com.br\/en\/#organization"},"image":{"@id":"https:\/\/www.mindself.com.br\/post\/mindself-empresa-de-meditacao-e-mindfulness-para-o-mundo-corporativo\/#primaryimage"},"thumbnailUrl":"https:\/\/www.mindself.com.br\/wp-content\/uploads\/2022\/03\/Img20.webp","inLanguage":"en-US"},{"@type":"WebPage","@id":"https:\/\/www.mindself.com.br\/post\/mindself-empresa-de-meditacao-e-mindfulness-para-o-mundo-corporativo\/","url":"https:\/\/www.mindself.com.br\/post\/mindself-empresa-de-meditacao-e-mindfulness-para-o-mundo-corporativo\/","name":"MindSelf: empresa de medita\u00e7\u00e3o e mindfulness para o mundo corporativo - MINDSELF","isPartOf":{"@id":"https:\/\/www.mindself.com.br\/en\/#website"},"primaryImageOfPage":{"@id":"https:\/\/www.mindself.com.br\/post\/mindself-empresa-de-meditacao-e-mindfulness-para-o-mundo-corporativo\/#primaryimage"},"image":{"@id":"https:\/\/www.mindself.com.br\/post\/mindself-empresa-de-meditacao-e-mindfulness-para-o-mundo-corporativo\/#primaryimage"},"thumbnailUrl":"https:\/\/www.mindself.com.br\/wp-content\/uploads\/2022\/03\/Img20.webp","datePublished":"2022-02-10T16:14:51+00:00","dateModified":"2022-03-23T20:40:51+00:00","description":"Neste artigo trataremos sobre \"MindSelf: empresa de medita\u00e7\u00e3o e mindfulness para o mundo corporativo\" atrav\u00e9s da vis\u00e3o de praticantes de medita\u00e7\u00e3o e especialistas em desenvolvimento pessoal. Leia mais!","breadcrumb":{"@id":"https:\/\/www.mindself.com.br\/post\/mindself-empresa-de-meditacao-e-mindfulness-para-o-mundo-corporativo\/#breadcrumb"},"inLanguage":"en-US","potentialAction":[{"@type":"ReadAction","target":["https:\/\/www.mindself.com.br\/post\/mindself-empresa-de-meditacao-e-mindfulness-para-o-mundo-corporativo\/"]}]},{"@type":"ImageObject","inLanguage":"en-US","@id":"https:\/\/www.mindself.com.br\/post\/mindself-empresa-de-meditacao-e-mindfulness-para-o-mundo-corporativo\/#primaryimage","url":"https:\/\/www.mindself.com.br\/wp-content\/uploads\/2022\/03\/Img20.webp","contentUrl":"https:\/\/www.mindself.com.br\/wp-content\/uploads\/2022\/03\/Img20.webp","width":315,"height":315,"caption":"Img"},{"@type":"BreadcrumbList","@id":"https:\/\/www.mindself.com.br\/post\/mindself-empresa-de-meditacao-e-mindfulness-para-o-mundo-corporativo\/#breadcrumb","itemListElement":[{"@type":"ListItem","position":1,"name":"In\u00edcio","item":"https:\/\/www.mindself.com.br\/"},{"@type":"ListItem","position":2,"name":"MindSelf: empresa de medita\u00e7\u00e3o e mindfulness para o mundo corporativo"}]},{"@type":"WebSite","@id":"https:\/\/www.mindself.com.br\/en\/#website","url":"https:\/\/www.mindself.com.br\/en\/","name":"MINDSELF","description":"","publisher":{"@id":"https:\/\/www.mindself.com.br\/en\/#organization"},"potentialAction":[{"@type":"SearchAction","target":{"@type":"EntryPoint","urlTemplate":"https:\/\/www.mindself.com.br\/en\/?s={search_term_string}"},"query-input":{"@type":"PropertyValueSpecification","valueRequired":true,"valueName":"search_term_string"}}],"inLanguage":"en-US"},{"@type":"Organization","@id":"https:\/\/www.mindself.com.br\/en\/#organization","name":"MINDSELF","url":"https:\/\/www.mindself.com.br\/en\/","logo":{"@type":"ImageObject","inLanguage":"en-US","@id":"https:\/\/www.mindself.com.br\/en\/#\/schema\/logo\/image\/","url":"https:\/\/www.mindself.com.br\/wp-content\/uploads\/2018\/09\/frame-164451.png","contentUrl":"https:\/\/www.mindself.com.br\/wp-content\/uploads\/2018\/09\/frame-164451.png","width":306,"height":42,"caption":"MINDSELF"},"image":{"@id":"https:\/\/www.mindself.com.br\/en\/#\/schema\/logo\/image\/"},"sameAs":["https:\/\/www.facebook.com\/mindselfmeditacao","https:\/\/www.instagram.com\/mindself_meditacao\/","https:\/\/www.linkedin.com\/company\/mindself\/"]},{"@type":"Person","@id":"https:\/\/www.mindself.com.br\/en\/#\/schema\/person\/f05e4f1b257b4f5f5f436585abc8508a","name":"mindself","url":"https:\/\/www.mindself.com.br\/en\/post\/author\/mindself\/"}]}},"_links":{"self":[{"href":"https:\/\/www.mindself.com.br\/en\/wp-json\/wp\/v2\/posts\/2436","targetHints":{"allow":["GET"]}}],"collection":[{"href":"https:\/\/www.mindself.com.br\/en\/wp-json\/wp\/v2\/posts"}],"about":[{"href":"https:\/\/www.mindself.com.br\/en\/wp-json\/wp\/v2\/types\/post"}],"author":[{"embeddable":true,"href":"https:\/\/www.mindself.com.br\/en\/wp-json\/wp\/v2\/users\/17"}],"replies":[{"embeddable":true,"href":"https:\/\/www.mindself.com.br\/en\/wp-json\/wp\/v2\/comments?post=2436"}],"version-history":[{"count":0,"href":"https:\/\/www.mindself.com.br\/en\/wp-json\/wp\/v2\/posts\/2436\/revisions"}],"wp:featuredmedia":[{"embeddable":true,"href":"https:\/\/www.mindself.com.br\/en\/wp-json\/wp\/v2\/media\/2437"}],"wp:attachment":[{"href":"https:\/\/www.mindself.com.br\/en\/wp-json\/wp\/v2\/media?parent=2436"}],"wp:term":[{"taxonomy":"category","embeddable":true,"href":"https:\/\/www.mindself.com.br\/en\/wp-json\/wp\/v2\/categories?post=2436"},{"taxonomy":"post_tag","embeddable":true,"href":"https:\/\/www.mindself.com.br\/en\/wp-json\/wp\/v2\/tags?post=2436"}],"curies":[{"name":"wp","href":"https:\/\/api.w.org\/{rel}","templated":true}]}}