{"id":2431,"date":"2022-02-03T13:08:06","date_gmt":"2022-02-03T16:08:06","guid":{"rendered":"https:\/\/www.mindself.com.br\/?p=2431"},"modified":"2022-03-23T17:40:53","modified_gmt":"2022-03-23T20:40:53","slug":"impactos-da-depressao-e-ansiedade-no-ambiente-de-trabalho-2","status":"publish","type":"post","link":"https:\/\/www.mindself.com.br\/en\/post\/impactos-da-depressao-e-ansiedade-no-ambiente-de-trabalho-2\/","title":{"rendered":"Impactos da depress\u00e3o e ansiedade no ambiente de trabalho"},"content":{"rendered":"<p id=\"viewer-foo\" class=\"mm8Nw _1j-51 iWv3d _1FoOD _78FBa b+iTF iWv3d public-DraftStyleDefault-block-depth0 fixed-tab-size public-DraftStyleDefault-text-ltr\"><span class=\"_2PHJq public-DraftStyleDefault-ltr\">Os problemas de sa\u00fade mental, como ansiedade, depress\u00e3o e alto n\u00edvel de estresse, impactam diretamente o desempenho dos profissionais durante suas atividades do trabalho. Por esse motivo\u202d, \u202cas empresas precisam agir e garantir a sa\u00fade mental\u202d, \u202cprincipalmente atrav\u00e9s de a\u00e7\u00f5es de car\u00e1ter preventivo\u202d, \u202ce promover\u202d, \u202cassim\u202d, \u202cum ambiente de trabalho mais leve e saud\u00e1vel\u202d.\u202c Al\u00e9m disso, vale ressaltar que ignorar estes transtornos podem custar caro para as corpora\u00e7\u00f5es.<\/span><\/p>\n<div data-hook=\"rcv-block1\"><\/div>\n<h2 id=\"viewer-aags4\" class=\"eSWI6 _1j-51 _1FoOD _78FBa b+iTF iWv3d public-DraftStyleDefault-block-depth0 fixed-tab-size public-DraftStyleDefault-text-ltr\"><span class=\"_2PHJq public-DraftStyleDefault-ltr\"><strong>O Brasil \u00e9 o pa\u00eds mais depressivo da Am\u00e9rica Latina<\/strong><\/span><\/h2>\n<div data-hook=\"rcv-block3\">Os dados sobre o Brasil mostram que o pa\u00eds ocupa a primeira posi\u00e7\u00e3o na Am\u00e9rica Latina e a segunda em todas as Am\u00e9ricas, perdendo apenas para os Estados Unidos. Segundo a OMS, a depress\u00e3o afeta um total de 11,5 milh\u00f5es de brasileiros. Esse n\u00famero representa 5,8% da popula\u00e7\u00e3o total.<\/div>\n<div data-hook=\"rcv-block4\"><\/div>\n<p>&nbsp;<\/p>\n<p id=\"viewer-2q6d\" class=\"mm8Nw _1j-51 iWv3d _1FoOD _78FBa b+iTF iWv3d public-DraftStyleDefault-block-depth0 fixed-tab-size public-DraftStyleDefault-text-ltr\"><span class=\"_2PHJq public-DraftStyleDefault-ltr\">Confira abaixo os principais impactos da depress\u00e3o no ambiente de trabalho<\/span><\/p>\n<div data-hook=\"rcv-block5\"><\/div>\n<p id=\"viewer-of6h\" class=\"mm8Nw _1j-51 iWv3d _1FoOD _78FBa b+iTF iWv3d public-DraftStyleDefault-block-depth0 fixed-tab-size public-DraftStyleDefault-text-ltr\"><span class=\"_2PHJq public-DraftStyleDefault-ltr\"><strong>Perda de produtividade<\/strong><\/span><\/p>\n<div data-hook=\"rcv-block7\"><\/div>\n<div id=\"viewer-bsjt6\" class=\"mm8Nw _1j-51 iWv3d _1FoOD _3M0Fe aujbK iWv3d public-DraftStyleDefault-block-depth0 fixed-tab-size public-DraftStyleDefault-text-ltr\"><span class=\"_2PHJq public-DraftStyleDefault-ltr\">\u00a0<\/span><\/div>\n<div data-hook=\"rcv-block8\"><\/div>\n<ol class=\"public-DraftStyleDefault-ol\">\n<li id=\"viewer-13gtd\" class=\"iWv3d _2ULPL _78FBa public-DraftStyleDefault-orderedListItem public-DraftStyleDefault-depth0 public-DraftStyleDefault-list-ltr fixed-tab-size public-DraftStyleDefault-reset _1FoOD _78FBa b+iTF iWv3d NSjbv\">\n<p class=\"_1j-51 _1FoOD _78FBa b+iTF iWv3d undefined\">Perda de funcion\u00e1rio: riscos de baixa produtividade levam ao baixo moral entre os profissionais da empresa. Por consequ\u00eancia, estes colaboradores passam a entender que n\u00e3o d\u00e3o conta do trabalho e que a empresa funcionaria melhor sem eles.<\/p>\n<\/li>\n<\/ol>\n<div id=\"viewer-e3ai2\" class=\"mm8Nw _1j-51 iWv3d _1FoOD _3M0Fe aujbK iWv3d public-DraftStyleDefault-block-depth0 fixed-tab-size public-DraftStyleDefault-text-ltr\"><span class=\"_2PHJq public-DraftStyleDefault-ltr\">\u00a0<\/span><\/div>\n<div data-hook=\"rcv-block10\"><\/div>\n<ol class=\"public-DraftStyleDefault-ol\">\n<li id=\"viewer-1429n\" class=\"iWv3d _2ULPL _78FBa public-DraftStyleDefault-orderedListItem public-DraftStyleDefault-depth0 public-DraftStyleDefault-list-ltr fixed-tab-size public-DraftStyleDefault-reset _1FoOD _78FBa b+iTF iWv3d NSjbv\">\n<p class=\"_1j-51 _1FoOD _78FBa b+iTF iWv3d undefined\">Competitividade: a organiza\u00e7\u00e3o com baixa produtividade devido a esses riscos abre m\u00e3o de uma vantagem competitiva sobre seus concorrentes. Isso pode significar perda de participa\u00e7\u00e3o no mercado e lucros reduzidos.<\/p>\n<\/li>\n<\/ol>\n<div id=\"viewer-3fn1n\" class=\"mm8Nw _1j-51 iWv3d _1FoOD _3M0Fe aujbK iWv3d public-DraftStyleDefault-block-depth0 fixed-tab-size public-DraftStyleDefault-text-ltr\"><span class=\"_2PHJq public-DraftStyleDefault-ltr\">\u00a0<\/span><\/div>\n<div data-hook=\"rcv-block12\"><\/div>\n<ol class=\"public-DraftStyleDefault-ol\">\n<li id=\"viewer-enil5\" class=\"iWv3d _2ULPL _78FBa public-DraftStyleDefault-orderedListItem public-DraftStyleDefault-depth0 public-DraftStyleDefault-list-ltr fixed-tab-size public-DraftStyleDefault-reset _1FoOD _78FBa b+iTF iWv3d NSjbv\">\n<p class=\"_1j-51 _1FoOD _78FBa b+iTF iWv3d undefined\">Custo: <em>uma pesquisa realizada pela Organiza\u00e7\u00e3o Mundial de Sa\u00fade (OMS) estimou que os transtornos depressivos e de ansiedade custam 1 trilh\u00e3o de d\u00f3lares \u00e0 economia global a cada ano em perda de produtividade<\/em>.<\/p>\n<\/li>\n<\/ol>\n<h3 id=\"viewer-2fgpd\" class=\"_3qMKZ _1j-51 _1FoOD _78FBa b+iTF iWv3d public-DraftStyleDefault-block-depth0 fixed-tab-size public-DraftStyleDefault-text-ltr\"><\/h3>\n<div data-hook=\"rcv-block14\"><\/div>\n<h3 id=\"viewer-8143k\" class=\"_3qMKZ _1j-51 _1FoOD _78FBa b+iTF iWv3d public-DraftStyleDefault-block-depth0 fixed-tab-size public-DraftStyleDefault-text-ltr\"><span class=\"_2PHJq public-DraftStyleDefault-ltr\"><strong>Absente\u00edsmo e Presente\u00edsmo <\/strong><\/span><\/h3>\n<div data-hook=\"rcv-block15\"><\/div>\n<div id=\"viewer-epg7m\" class=\"mm8Nw _1j-51 iWv3d _1FoOD _3M0Fe aujbK iWv3d public-DraftStyleDefault-block-depth0 fixed-tab-size public-DraftStyleDefault-text-ltr\"><span class=\"_2PHJq public-DraftStyleDefault-ltr\">\u00a0<\/span><\/div>\n<div data-hook=\"rcv-block16\"><\/div>\n<ol class=\"public-DraftStyleDefault-ol\">\n<li id=\"viewer-e77ab\" class=\"iWv3d _2ULPL _78FBa public-DraftStyleDefault-orderedListItem public-DraftStyleDefault-depth0 public-DraftStyleDefault-list-ltr fixed-tab-size public-DraftStyleDefault-reset _1FoOD _78FBa b+iTF iWv3d NSjbv\">\n<p class=\"_1j-51 _1FoOD _78FBa b+iTF iWv3d undefined\">Motiva\u00e7\u00e3o baixa: a falta de motiva\u00e7\u00e3o tamb\u00e9m pode elevar o absente\u00edsmo no trabalho. Isso porque quando os colaboradores est\u00e3o desmotivados, as faltas e atrasos ocorrem com mais frequ\u00eancia.<\/p>\n<\/li>\n<\/ol>\n<p id=\"viewer-dgken\" class=\"mm8Nw _1j-51 iWv3d _1FoOD _78FBa b+iTF iWv3d public-DraftStyleDefault-block-depth0 fixed-tab-size public-DraftStyleDefault-text-ltr\">\n<div data-hook=\"rcv-block18\"><\/div>\n<ol class=\"public-DraftStyleDefault-ol\">\n<li id=\"viewer-941ph\" class=\"iWv3d _2ULPL _78FBa public-DraftStyleDefault-orderedListItem public-DraftStyleDefault-depth0 public-DraftStyleDefault-list-ltr fixed-tab-size public-DraftStyleDefault-reset _1FoOD _78FBa b+iTF iWv3d NSjbv\">\n<p class=\"_1j-51 _1FoOD _78FBa b+iTF iWv3d undefined\">Sobrecarga de trabalho a outros colaboradores: h\u00e1 grandes chances de um aumento na carga de trabalho da equipe. Se um colaborador n\u00e3o comparecer ou chegar mais tarde no trabalho, as suas demandas precisam ser assumidas por outras pessoas, certo?<\/p>\n<\/li>\n<\/ol>\n<div id=\"viewer-2lhk4\" class=\"mm8Nw _1j-51 iWv3d _1FoOD _3M0Fe aujbK iWv3d public-DraftStyleDefault-block-depth0 fixed-tab-size public-DraftStyleDefault-text-ltr\"><span class=\"_2PHJq public-DraftStyleDefault-ltr\">\u00a0<\/span><\/div>\n<div data-hook=\"rcv-block20\"><\/div>\n<ol class=\"public-DraftStyleDefault-ol\">\n<li id=\"viewer-9cupg\" class=\"iWv3d _2ULPL _78FBa public-DraftStyleDefault-orderedListItem public-DraftStyleDefault-depth0 public-DraftStyleDefault-list-ltr fixed-tab-size public-DraftStyleDefault-reset _1FoOD _78FBa b+iTF iWv3d NSjbv\">\n<p class=\"_1j-51 _1FoOD _78FBa b+iTF iWv3d undefined\">Perda dos prazos das entregas: Com a aus\u00eancia de um colaborador, \u00e9 muito poss\u00edvel perder os prazos de conclus\u00e3o de um produto ou servi\u00e7o, deixando o cliente esperando e, por consequ\u00eancia, prejudicando a reputa\u00e7\u00e3o da empresa.<\/p>\n<\/li>\n<\/ol>\n<div id=\"viewer-6cgdb\" class=\"mm8Nw _1j-51 iWv3d _1FoOD _3M0Fe aujbK iWv3d public-DraftStyleDefault-block-depth0 fixed-tab-size public-DraftStyleDefault-text-ltr\"><span class=\"_2PHJq public-DraftStyleDefault-ltr\">\u00a0<\/span><\/div>\n<div data-hook=\"rcv-block22\"><\/div>\n<ol class=\"public-DraftStyleDefault-ol\">\n<li id=\"viewer-4mphl\" class=\"iWv3d _2ULPL public-DraftStyleDefault-orderedListItem public-DraftStyleDefault-depth0 public-DraftStyleDefault-list-ltr fixed-tab-size public-DraftStyleDefault-reset _1FoOD _3M0Fe aujbK iWv3d NSjbv\">\n<p class=\"_1j-51 _1FoOD _3M0Fe aujbK iWv3d\"><em>Estima-se que os custos do presente\u00edsmo, ou seja, quando o colaborador est\u00e1 fisicamente presente para o trabalho mas com a cabe\u00e7a longe do que efetivamente precisa fazer, sejam pelo menos 2x maior que os custos do absente\u00edsmo, segundo estudos do Centre for Mental Health &#8211; Reino Unido<\/em>. E os motivos podem ser diversos. Desde um cansa\u00e7o excessivo ou stress elevado, at\u00e9 transtornos de ansiedade, s\u00edndrome do p\u00e2nico, depress\u00e3o, etc. E \u00e9 certo que neste exato momento, um percentual dos colaboradores da sua empresa est\u00e1 enfrentando esse problema, que infelizmente \u00e9 silencioso pois o colaborador pode n\u00e3o se sentir \u00e0 vontade de se abrir para a empresa.<\/p>\n<\/li>\n<\/ol>\n<div id=\"viewer-f9us9\" class=\"mm8Nw _1j-51 iWv3d _1FoOD _3M0Fe aujbK iWv3d public-DraftStyleDefault-block-depth0 fixed-tab-size public-DraftStyleDefault-text-ltr\"><span class=\"_2PHJq public-DraftStyleDefault-ltr\">\u00a0<\/span><\/div>\n<div data-hook=\"rcv-block24\"><\/div>\n<p id=\"viewer-d70o8\" class=\"mm8Nw _1j-51 iWv3d _1FoOD _78FBa b+iTF iWv3d public-DraftStyleDefault-block-depth0 fixed-tab-size public-DraftStyleDefault-text-ltr\">\n<div data-hook=\"rcv-block25\"><\/div>\n<p id=\"viewer-b2qj1\" class=\"mm8Nw _1j-51 iWv3d _1FoOD _78FBa b+iTF iWv3d public-DraftStyleDefault-block-depth0 fixed-tab-size public-DraftStyleDefault-text-ltr\"><span class=\"_2PHJq public-DraftStyleDefault-ltr\"><strong>O Brasil \u00e9 o pa\u00eds mais ansioso do mundo<\/strong><\/span><\/p>\n<p id=\"viewer-2d5vs\" class=\"mm8Nw _1j-51 iWv3d _1FoOD _78FBa b+iTF iWv3d public-DraftStyleDefault-block-depth0 fixed-tab-size public-DraftStyleDefault-text-ltr\"><span class=\"_2PHJq public-DraftStyleDefault-ltr\">Em estudo realizado em 2019, a OMS apontou que o Brasil possui, se comparado a todos os outros pa\u00edses do mundo, o maior n\u00famero de pessoas ansiosas. S\u00e3o 18,6 milh\u00f5es de brasileiros que sofrem com algum tipo de transtorno de ansiedade.<\/span><\/p>\n<p id=\"viewer-e7bsd\" class=\"mm8Nw _1j-51 iWv3d _1FoOD _78FBa b+iTF iWv3d public-DraftStyleDefault-block-depth0 fixed-tab-size public-DraftStyleDefault-text-ltr\"><span class=\"_2PHJq public-DraftStyleDefault-ltr\">Ao que se refere ao ambiente de trabalho, as principais causas s\u00e3o:<\/span><\/p>\n<div data-hook=\"rcv-block30\"><\/div>\n<div id=\"viewer-7bhp1\" class=\"mm8Nw _1j-51 iWv3d _1FoOD _3M0Fe aujbK iWv3d public-DraftStyleDefault-block-depth0 fixed-tab-size public-DraftStyleDefault-text-ltr\"><span class=\"_2PHJq public-DraftStyleDefault-ltr\">\u00a0<\/span><\/div>\n<div data-hook=\"rcv-block31\"><\/div>\n<ul class=\"public-DraftStyleDefault-ul\">\n<li id=\"viewer-d7uv\" class=\"iWv3d xVLwT _3Kjjs _78FBa public-DraftStyleDefault-unorderedListItem public-DraftStyleDefault-depth0 public-DraftStyleDefault-list-ltr fixed-tab-size public-DraftStyleDefault-reset _1FoOD _78FBa b+iTF iWv3d NSjbv\">\n<p class=\"_1j-51 _1FoOD _78FBa b+iTF iWv3d undefined\">Excesso de responsabilidades para os profissionais.<\/p>\n<\/li>\n<li id=\"viewer-30mmu\" class=\"iWv3d xVLwT _3Kjjs _78FBa public-DraftStyleDefault-unorderedListItem public-DraftStyleDefault-depth0 public-DraftStyleDefault-list-ltr fixed-tab-size _1FoOD _78FBa b+iTF iWv3d NSjbv\">\n<p class=\"_1j-51 _1FoOD _78FBa b+iTF iWv3d undefined\">Metas muito dif\u00edceis ou imposs\u00edveis de serem alcan\u00e7adas.<\/p>\n<\/li>\n<li id=\"viewer-1iqei\" class=\"iWv3d xVLwT _3Kjjs _78FBa public-DraftStyleDefault-unorderedListItem public-DraftStyleDefault-depth0 public-DraftStyleDefault-list-ltr fixed-tab-size _1FoOD _78FBa b+iTF iWv3d NSjbv\">\n<p class=\"_1j-51 _1FoOD _78FBa b+iTF iWv3d undefined\">Relacionamento agressivo ou abusivo entre os profissionais ou chefias.<\/p>\n<\/li>\n<li id=\"viewer-6v292\" class=\"iWv3d xVLwT _3Kjjs _78FBa public-DraftStyleDefault-unorderedListItem public-DraftStyleDefault-depth0 public-DraftStyleDefault-list-ltr fixed-tab-size _1FoOD _78FBa b+iTF iWv3d NSjbv\">\n<p class=\"_1j-51 _1FoOD _78FBa b+iTF iWv3d undefined\">Prazos de entrega de servi\u00e7o ou produto em tempo n\u00e3o adequado.<\/p>\n<\/li>\n<li id=\"viewer-9ihrj\" class=\"iWv3d xVLwT _3Kjjs _78FBa public-DraftStyleDefault-unorderedListItem public-DraftStyleDefault-depth0 public-DraftStyleDefault-list-ltr fixed-tab-size _1FoOD _78FBa b+iTF iWv3d NSjbv\">\n<p class=\"_1j-51 _1FoOD _78FBa b+iTF iWv3d undefined\">Excesso ou sobrecarga de trabalho.<\/p>\n<\/li>\n<\/ul>\n<p id=\"viewer-fnsi2\" class=\"mm8Nw _1j-51 iWv3d _1FoOD _3M0Fe aujbK iWv3d public-DraftStyleDefault-block-depth0 fixed-tab-size public-DraftStyleDefault-text-ltr\">\n<div data-hook=\"rcv-block37\"><\/div>\n<p id=\"viewer-qahg\" class=\"mm8Nw _1j-51 iWv3d _1FoOD _3M0Fe aujbK iWv3d public-DraftStyleDefault-block-depth0 fixed-tab-size public-DraftStyleDefault-text-ltr\"><span class=\"_2PHJq public-DraftStyleDefault-ltr\">Confira alguns dos poss\u00edveis sinais relacionados aos transtornos de ansiedade:<\/span><\/p>\n<div data-hook=\"rcv-block39\"><\/div>\n<ul class=\"public-DraftStyleDefault-ul\">\n<li id=\"viewer-afmg5\" class=\"iWv3d xVLwT _3Kjjs public-DraftStyleDefault-unorderedListItem public-DraftStyleDefault-depth0 public-DraftStyleDefault-list-ltr fixed-tab-size public-DraftStyleDefault-reset _1FoOD _3M0Fe aujbK iWv3d NSjbv\">\n<p class=\"_1j-51 _1FoOD _3M0Fe aujbK iWv3d\">Ang\u00fastia.<\/p>\n<\/li>\n<li id=\"viewer-3touv\" class=\"iWv3d xVLwT _3Kjjs public-DraftStyleDefault-unorderedListItem public-DraftStyleDefault-depth0 public-DraftStyleDefault-list-ltr fixed-tab-size _1FoOD _3M0Fe aujbK iWv3d NSjbv\">\n<p class=\"_1j-51 _1FoOD _3M0Fe aujbK iWv3d\">Falta de ar.<\/p>\n<\/li>\n<li id=\"viewer-8dfta\" class=\"iWv3d xVLwT _3Kjjs public-DraftStyleDefault-unorderedListItem public-DraftStyleDefault-depth0 public-DraftStyleDefault-list-ltr fixed-tab-size _1FoOD _3M0Fe aujbK iWv3d NSjbv\">\n<p class=\"_1j-51 _1FoOD _3M0Fe aujbK iWv3d\">Agita\u00e7\u00e3o psicomotora.<\/p>\n<\/li>\n<li id=\"viewer-81jak\" class=\"iWv3d xVLwT _3Kjjs public-DraftStyleDefault-unorderedListItem public-DraftStyleDefault-depth0 public-DraftStyleDefault-list-ltr fixed-tab-size _1FoOD _3M0Fe aujbK iWv3d NSjbv\">\n<p class=\"_1j-51 _1FoOD _3M0Fe aujbK iWv3d\">Taquicardia.<\/p>\n<\/li>\n<li id=\"viewer-8sc23\" class=\"iWv3d xVLwT _3Kjjs public-DraftStyleDefault-unorderedListItem public-DraftStyleDefault-depth0 public-DraftStyleDefault-list-ltr fixed-tab-size _1FoOD _3M0Fe aujbK iWv3d NSjbv\">\n<p class=\"_1j-51 _1FoOD _3M0Fe aujbK iWv3d\">N\u00e1useas e v\u00f4mitos.<\/p>\n<\/li>\n<li id=\"viewer-7mnik\" class=\"iWv3d xVLwT _3Kjjs public-DraftStyleDefault-unorderedListItem public-DraftStyleDefault-depth0 public-DraftStyleDefault-list-ltr fixed-tab-size _1FoOD _3M0Fe aujbK iWv3d NSjbv\">\n<p class=\"_1j-51 _1FoOD _3M0Fe aujbK iWv3d\">Diarreia.<\/p>\n<\/li>\n<li id=\"viewer-1t4u9\" class=\"iWv3d xVLwT _3Kjjs public-DraftStyleDefault-unorderedListItem public-DraftStyleDefault-depth0 public-DraftStyleDefault-list-ltr fixed-tab-size _1FoOD _3M0Fe aujbK iWv3d NSjbv\">\n<p class=\"_1j-51 _1FoOD _3M0Fe aujbK iWv3d\">Problemas relacionados ao sono.<\/p>\n<\/li>\n<li id=\"viewer-8d441\" class=\"iWv3d xVLwT _3Kjjs public-DraftStyleDefault-unorderedListItem public-DraftStyleDefault-depth0 public-DraftStyleDefault-list-ltr fixed-tab-size _1FoOD _3M0Fe aujbK iWv3d NSjbv\">\n<p class=\"_1j-51 _1FoOD _3M0Fe aujbK iWv3d\">Dist\u00farbios alimentares.<\/p>\n<\/li>\n<li id=\"viewer-fuq0i\" class=\"iWv3d xVLwT _3Kjjs public-DraftStyleDefault-unorderedListItem public-DraftStyleDefault-depth0 public-DraftStyleDefault-list-ltr fixed-tab-size _1FoOD _3M0Fe aujbK iWv3d NSjbv\">\n<p class=\"_1j-51 _1FoOD _3M0Fe aujbK iWv3d\">Cefaleia.<\/p>\n<\/li>\n<li id=\"viewer-btdf7\" class=\"iWv3d xVLwT _3Kjjs public-DraftStyleDefault-unorderedListItem public-DraftStyleDefault-depth0 public-DraftStyleDefault-list-ltr fixed-tab-size _1FoOD _3M0Fe aujbK iWv3d NSjbv\">\n<p class=\"_1j-51 _1FoOD _3M0Fe aujbK iWv3d\">Apreens\u00e3o.<\/p>\n<\/li>\n<li id=\"viewer-8bd2n\" class=\"iWv3d xVLwT _3Kjjs public-DraftStyleDefault-unorderedListItem public-DraftStyleDefault-depth0 public-DraftStyleDefault-list-ltr fixed-tab-size _1FoOD _3M0Fe aujbK iWv3d NSjbv\">\n<p class=\"_1j-51 _1FoOD _3M0Fe aujbK iWv3d\">Dist\u00farbios sexuais.<\/p>\n<\/li>\n<li id=\"viewer-4gri4\" class=\"iWv3d xVLwT _3Kjjs public-DraftStyleDefault-unorderedListItem public-DraftStyleDefault-depth0 public-DraftStyleDefault-list-ltr fixed-tab-size _1FoOD _3M0Fe aujbK iWv3d NSjbv\">\n<p class=\"_1j-51 _1FoOD _3M0Fe aujbK iWv3d\">Agressividade.<\/p>\n<\/li>\n<li id=\"viewer-clqji\" class=\"iWv3d xVLwT _3Kjjs public-DraftStyleDefault-unorderedListItem public-DraftStyleDefault-depth0 public-DraftStyleDefault-list-ltr fixed-tab-size _1FoOD _3M0Fe aujbK iWv3d NSjbv\">\n<p class=\"_1j-51 _1FoOD _3M0Fe aujbK iWv3d\">Tens\u00e3o muscular.<\/p>\n<\/li>\n<li id=\"viewer-d75h\" class=\"iWv3d xVLwT _3Kjjs public-DraftStyleDefault-unorderedListItem public-DraftStyleDefault-depth0 public-DraftStyleDefault-list-ltr fixed-tab-size _1FoOD _3M0Fe aujbK iWv3d NSjbv\">\n<p class=\"_1j-51 _1FoOD _3M0Fe aujbK iWv3d\">Pensamento catastr\u00f3fico.<\/p>\n<\/li>\n<li id=\"viewer-5307t\" class=\"iWv3d xVLwT _3Kjjs public-DraftStyleDefault-unorderedListItem public-DraftStyleDefault-depth0 public-DraftStyleDefault-list-ltr fixed-tab-size _1FoOD _3M0Fe aujbK iWv3d NSjbv\">\n<p class=\"_1j-51 _1FoOD _3M0Fe aujbK iWv3d\">Preocupa\u00e7\u00e3o excessiva com o futuro.<\/p>\n<\/li>\n<li id=\"viewer-2k76c\" class=\"iWv3d xVLwT _3Kjjs public-DraftStyleDefault-unorderedListItem public-DraftStyleDefault-depth0 public-DraftStyleDefault-list-ltr fixed-tab-size _1FoOD _3M0Fe aujbK iWv3d NSjbv\">\n<p class=\"_1j-51 _1FoOD _3M0Fe aujbK iWv3d\">P\u00e2nico e rea\u00e7\u00f5es de austeridade frente ao trabalho.<\/p>\n<\/li>\n<\/ul>\n<p>&nbsp;<\/p>\n<p id=\"viewer-b2sp7\" class=\"mm8Nw _1j-51 iWv3d _1FoOD _3M0Fe aujbK iWv3d public-DraftStyleDefault-block-depth0 fixed-tab-size public-DraftStyleDefault-text-ltr\"><span class=\"_2PHJq public-DraftStyleDefault-ltr\"><strong>A Medita\u00e7\u00e3o nesse contexto<\/strong> <\/span><\/p>\n<p>&nbsp;<\/p>\n<p class=\"mm8Nw _1j-51 iWv3d _1FoOD _3M0Fe aujbK iWv3d public-DraftStyleDefault-block-depth0 fixed-tab-size public-DraftStyleDefault-text-ltr\"><span class=\"_2PHJq public-DraftStyleDefault-ltr\">Atrav\u00e9s de diversos estudos de grandes universidades no mundo, j\u00e1 se pode dizer que as pr\u00e1ticas regulares de medita\u00e7\u00e3o podem ser um excelente aliado para as empresas, principalmente como a\u00e7\u00f5es de preven\u00e7\u00e3o a diversos dos problemas mencionados neste artigo. Portanto fica o convite \u00e0s empresas para considerar implementar um Programa bem estruturado e voltado ao ambiente corporativo para perceber os benef\u00edcios e melhorar o ambiente de trabalho como um todo.<\/span><\/p>","protected":false},"excerpt":{"rendered":"<p>Os problemas de sa\u00fade mental, como ansiedade, depress\u00e3o e alto n\u00edvel de estresse, impactam diretamente o desempenho dos profissionais durante suas atividades do trabalho. Por esse motivo\u202d, \u202cas empresas precisam agir e garantir a sa\u00fade mental\u202d, \u202cprincipalmente atrav\u00e9s de a\u00e7\u00f5es de car\u00e1ter preventivo\u202d, \u202ce promover\u202d, \u202cassim\u202d, \u202cum ambiente de trabalho mais leve e saud\u00e1vel\u202d.\u202c Al\u00e9m [&hellip;]<\/p>\n","protected":false},"author":17,"featured_media":2426,"comment_status":"open","ping_status":"open","sticky":false,"template":"","format":"standard","meta":{"footnotes":""},"categories":[1],"tags":[],"class_list":["post-2431","post","type-post","status-publish","format-standard","has-post-thumbnail","hentry","category-uncategorized"],"yoast_head":"<!-- This site is optimized with the Yoast SEO plugin v27.4 - https:\/\/yoast.com\/product\/yoast-seo-wordpress\/ -->\n<title>Impactos da depress\u00e3o e ansiedade no ambiente de trabalho - MINDSELF<\/title>\n<meta name=\"description\" content=\"Neste artigo trataremos sobre &quot;Impactos da depress\u00e3o e ansiedade no ambiente de trabalho&quot; atrav\u00e9s da vis\u00e3o de praticantes de medita\u00e7\u00e3o e especialistas em desenvolvimento pessoal. Leia mais!\" \/>\n<meta name=\"robots\" content=\"index, follow, max-snippet:-1, max-image-preview:large, max-video-preview:-1\" \/>\n<link rel=\"canonical\" href=\"https:\/\/www.mindself.com.br\/en\/post\/impactos-da-depressao-e-ansiedade-no-ambiente-de-trabalho-2\/\" \/>\n<meta property=\"og:locale\" content=\"en_US\" \/>\n<meta property=\"og:type\" content=\"article\" \/>\n<meta property=\"og:title\" content=\"Impactos da depress\u00e3o e ansiedade no ambiente de trabalho - MINDSELF\" \/>\n<meta property=\"og:description\" content=\"Neste artigo trataremos sobre &quot;Impactos da depress\u00e3o e ansiedade no ambiente de trabalho&quot; atrav\u00e9s da vis\u00e3o de praticantes de medita\u00e7\u00e3o e especialistas em desenvolvimento pessoal. Leia mais!\" \/>\n<meta property=\"og:url\" content=\"https:\/\/www.mindself.com.br\/en\/post\/impactos-da-depressao-e-ansiedade-no-ambiente-de-trabalho-2\/\" \/>\n<meta property=\"og:site_name\" content=\"MINDSELF\" \/>\n<meta property=\"article:publisher\" content=\"https:\/\/www.facebook.com\/mindselfmeditacao\" \/>\n<meta property=\"article:published_time\" content=\"2022-02-03T16:08:06+00:00\" \/>\n<meta property=\"article:modified_time\" content=\"2022-03-23T20:40:53+00:00\" \/>\n<meta property=\"og:image\" content=\"https:\/\/www.mindself.com.br\/wp-content\/uploads\/2022\/03\/Img17.webp\" \/>\n\t<meta property=\"og:image:width\" content=\"740\" \/>\n\t<meta property=\"og:image:height\" content=\"493\" \/>\n\t<meta property=\"og:image:type\" content=\"image\/webp\" \/>\n<meta name=\"author\" content=\"mindself\" \/>\n<meta name=\"twitter:card\" content=\"summary_large_image\" \/>\n<meta name=\"twitter:label1\" content=\"Written by\" \/>\n\t<meta name=\"twitter:data1\" content=\"mindself\" \/>\n\t<meta name=\"twitter:label2\" content=\"Est. reading time\" \/>\n\t<meta name=\"twitter:data2\" content=\"4 minutes\" \/>\n<script type=\"application\/ld+json\" class=\"yoast-schema-graph\">{\"@context\":\"https:\\\/\\\/schema.org\",\"@graph\":[{\"@type\":\"Article\",\"@id\":\"https:\\\/\\\/www.mindself.com.br\\\/en\\\/post\\\/impactos-da-depressao-e-ansiedade-no-ambiente-de-trabalho-2\\\/#article\",\"isPartOf\":{\"@id\":\"https:\\\/\\\/www.mindself.com.br\\\/en\\\/post\\\/impactos-da-depressao-e-ansiedade-no-ambiente-de-trabalho-2\\\/\"},\"author\":{\"name\":\"mindself\",\"@id\":\"https:\\\/\\\/www.mindself.com.br\\\/en\\\/#\\\/schema\\\/person\\\/f05e4f1b257b4f5f5f436585abc8508a\"},\"headline\":\"Impactos da depress\u00e3o e ansiedade no ambiente de trabalho\",\"datePublished\":\"2022-02-03T16:08:06+00:00\",\"dateModified\":\"2022-03-23T20:40:53+00:00\",\"mainEntityOfPage\":{\"@id\":\"https:\\\/\\\/www.mindself.com.br\\\/en\\\/post\\\/impactos-da-depressao-e-ansiedade-no-ambiente-de-trabalho-2\\\/\"},\"wordCount\":764,\"commentCount\":0,\"publisher\":{\"@id\":\"https:\\\/\\\/www.mindself.com.br\\\/en\\\/#organization\"},\"image\":{\"@id\":\"https:\\\/\\\/www.mindself.com.br\\\/en\\\/post\\\/impactos-da-depressao-e-ansiedade-no-ambiente-de-trabalho-2\\\/#primaryimage\"},\"thumbnailUrl\":\"https:\\\/\\\/www.mindself.com.br\\\/wp-content\\\/uploads\\\/2022\\\/03\\\/Img17.webp\",\"inLanguage\":\"en-US\"},{\"@type\":\"WebPage\",\"@id\":\"https:\\\/\\\/www.mindself.com.br\\\/en\\\/post\\\/impactos-da-depressao-e-ansiedade-no-ambiente-de-trabalho-2\\\/\",\"url\":\"https:\\\/\\\/www.mindself.com.br\\\/en\\\/post\\\/impactos-da-depressao-e-ansiedade-no-ambiente-de-trabalho-2\\\/\",\"name\":\"Impactos da depress\u00e3o e ansiedade no ambiente de trabalho - MINDSELF\",\"isPartOf\":{\"@id\":\"https:\\\/\\\/www.mindself.com.br\\\/en\\\/#website\"},\"primaryImageOfPage\":{\"@id\":\"https:\\\/\\\/www.mindself.com.br\\\/en\\\/post\\\/impactos-da-depressao-e-ansiedade-no-ambiente-de-trabalho-2\\\/#primaryimage\"},\"image\":{\"@id\":\"https:\\\/\\\/www.mindself.com.br\\\/en\\\/post\\\/impactos-da-depressao-e-ansiedade-no-ambiente-de-trabalho-2\\\/#primaryimage\"},\"thumbnailUrl\":\"https:\\\/\\\/www.mindself.com.br\\\/wp-content\\\/uploads\\\/2022\\\/03\\\/Img17.webp\",\"datePublished\":\"2022-02-03T16:08:06+00:00\",\"dateModified\":\"2022-03-23T20:40:53+00:00\",\"description\":\"Neste artigo trataremos sobre \\\"Impactos da depress\u00e3o e ansiedade no ambiente de trabalho\\\" atrav\u00e9s da vis\u00e3o de praticantes de medita\u00e7\u00e3o e especialistas em desenvolvimento pessoal. Leia mais!\",\"breadcrumb\":{\"@id\":\"https:\\\/\\\/www.mindself.com.br\\\/en\\\/post\\\/impactos-da-depressao-e-ansiedade-no-ambiente-de-trabalho-2\\\/#breadcrumb\"},\"inLanguage\":\"en-US\",\"potentialAction\":[{\"@type\":\"ReadAction\",\"target\":[\"https:\\\/\\\/www.mindself.com.br\\\/en\\\/post\\\/impactos-da-depressao-e-ansiedade-no-ambiente-de-trabalho-2\\\/\"]}]},{\"@type\":\"ImageObject\",\"inLanguage\":\"en-US\",\"@id\":\"https:\\\/\\\/www.mindself.com.br\\\/en\\\/post\\\/impactos-da-depressao-e-ansiedade-no-ambiente-de-trabalho-2\\\/#primaryimage\",\"url\":\"https:\\\/\\\/www.mindself.com.br\\\/wp-content\\\/uploads\\\/2022\\\/03\\\/Img17.webp\",\"contentUrl\":\"https:\\\/\\\/www.mindself.com.br\\\/wp-content\\\/uploads\\\/2022\\\/03\\\/Img17.webp\",\"width\":740,\"height\":493,\"caption\":\"Img\"},{\"@type\":\"BreadcrumbList\",\"@id\":\"https:\\\/\\\/www.mindself.com.br\\\/en\\\/post\\\/impactos-da-depressao-e-ansiedade-no-ambiente-de-trabalho-2\\\/#breadcrumb\",\"itemListElement\":[{\"@type\":\"ListItem\",\"position\":1,\"name\":\"In\u00edcio\",\"item\":\"https:\\\/\\\/www.mindself.com.br\\\/\"},{\"@type\":\"ListItem\",\"position\":2,\"name\":\"Impactos da depress\u00e3o e ansiedade no ambiente de trabalho\"}]},{\"@type\":\"WebSite\",\"@id\":\"https:\\\/\\\/www.mindself.com.br\\\/en\\\/#website\",\"url\":\"https:\\\/\\\/www.mindself.com.br\\\/en\\\/\",\"name\":\"MINDSELF\",\"description\":\"\",\"publisher\":{\"@id\":\"https:\\\/\\\/www.mindself.com.br\\\/en\\\/#organization\"},\"potentialAction\":[{\"@type\":\"SearchAction\",\"target\":{\"@type\":\"EntryPoint\",\"urlTemplate\":\"https:\\\/\\\/www.mindself.com.br\\\/en\\\/?s={search_term_string}\"},\"query-input\":{\"@type\":\"PropertyValueSpecification\",\"valueRequired\":true,\"valueName\":\"search_term_string\"}}],\"inLanguage\":\"en-US\"},{\"@type\":\"Organization\",\"@id\":\"https:\\\/\\\/www.mindself.com.br\\\/en\\\/#organization\",\"name\":\"MINDSELF\",\"url\":\"https:\\\/\\\/www.mindself.com.br\\\/en\\\/\",\"logo\":{\"@type\":\"ImageObject\",\"inLanguage\":\"en-US\",\"@id\":\"https:\\\/\\\/www.mindself.com.br\\\/en\\\/#\\\/schema\\\/logo\\\/image\\\/\",\"url\":\"https:\\\/\\\/www.mindself.com.br\\\/wp-content\\\/uploads\\\/2018\\\/09\\\/frame-164451.png\",\"contentUrl\":\"https:\\\/\\\/www.mindself.com.br\\\/wp-content\\\/uploads\\\/2018\\\/09\\\/frame-164451.png\",\"width\":306,\"height\":42,\"caption\":\"MINDSELF\"},\"image\":{\"@id\":\"https:\\\/\\\/www.mindself.com.br\\\/en\\\/#\\\/schema\\\/logo\\\/image\\\/\"},\"sameAs\":[\"https:\\\/\\\/www.facebook.com\\\/mindselfmeditacao\",\"https:\\\/\\\/www.instagram.com\\\/mindself_meditacao\\\/\",\"https:\\\/\\\/www.linkedin.com\\\/company\\\/mindself\\\/\"]},{\"@type\":\"Person\",\"@id\":\"https:\\\/\\\/www.mindself.com.br\\\/en\\\/#\\\/schema\\\/person\\\/f05e4f1b257b4f5f5f436585abc8508a\",\"name\":\"mindself\",\"url\":\"https:\\\/\\\/www.mindself.com.br\\\/en\\\/post\\\/author\\\/mindself\\\/\"}]}<\/script>\n<!-- \/ Yoast SEO plugin. -->","yoast_head_json":{"title":"Impactos da depress\u00e3o e ansiedade no ambiente de trabalho - MINDSELF","description":"Neste artigo trataremos sobre \"Impactos da depress\u00e3o e ansiedade no ambiente de trabalho\" atrav\u00e9s da vis\u00e3o de praticantes de medita\u00e7\u00e3o e especialistas em desenvolvimento pessoal. Leia mais!","robots":{"index":"index","follow":"follow","max-snippet":"max-snippet:-1","max-image-preview":"max-image-preview:large","max-video-preview":"max-video-preview:-1"},"canonical":"https:\/\/www.mindself.com.br\/en\/post\/impactos-da-depressao-e-ansiedade-no-ambiente-de-trabalho-2\/","og_locale":"en_US","og_type":"article","og_title":"Impactos da depress\u00e3o e ansiedade no ambiente de trabalho - MINDSELF","og_description":"Neste artigo trataremos sobre \"Impactos da depress\u00e3o e ansiedade no ambiente de trabalho\" atrav\u00e9s da vis\u00e3o de praticantes de medita\u00e7\u00e3o e especialistas em desenvolvimento pessoal. Leia mais!","og_url":"https:\/\/www.mindself.com.br\/en\/post\/impactos-da-depressao-e-ansiedade-no-ambiente-de-trabalho-2\/","og_site_name":"MINDSELF","article_publisher":"https:\/\/www.facebook.com\/mindselfmeditacao","article_published_time":"2022-02-03T16:08:06+00:00","article_modified_time":"2022-03-23T20:40:53+00:00","og_image":[{"width":740,"height":493,"url":"https:\/\/www.mindself.com.br\/wp-content\/uploads\/2022\/03\/Img17.webp","type":"image\/webp"}],"author":"mindself","twitter_card":"summary_large_image","twitter_misc":{"Written by":"mindself","Est. reading time":"4 minutes"},"schema":{"@context":"https:\/\/schema.org","@graph":[{"@type":"Article","@id":"https:\/\/www.mindself.com.br\/en\/post\/impactos-da-depressao-e-ansiedade-no-ambiente-de-trabalho-2\/#article","isPartOf":{"@id":"https:\/\/www.mindself.com.br\/en\/post\/impactos-da-depressao-e-ansiedade-no-ambiente-de-trabalho-2\/"},"author":{"name":"mindself","@id":"https:\/\/www.mindself.com.br\/en\/#\/schema\/person\/f05e4f1b257b4f5f5f436585abc8508a"},"headline":"Impactos da depress\u00e3o e ansiedade no ambiente de trabalho","datePublished":"2022-02-03T16:08:06+00:00","dateModified":"2022-03-23T20:40:53+00:00","mainEntityOfPage":{"@id":"https:\/\/www.mindself.com.br\/en\/post\/impactos-da-depressao-e-ansiedade-no-ambiente-de-trabalho-2\/"},"wordCount":764,"commentCount":0,"publisher":{"@id":"https:\/\/www.mindself.com.br\/en\/#organization"},"image":{"@id":"https:\/\/www.mindself.com.br\/en\/post\/impactos-da-depressao-e-ansiedade-no-ambiente-de-trabalho-2\/#primaryimage"},"thumbnailUrl":"https:\/\/www.mindself.com.br\/wp-content\/uploads\/2022\/03\/Img17.webp","inLanguage":"en-US"},{"@type":"WebPage","@id":"https:\/\/www.mindself.com.br\/en\/post\/impactos-da-depressao-e-ansiedade-no-ambiente-de-trabalho-2\/","url":"https:\/\/www.mindself.com.br\/en\/post\/impactos-da-depressao-e-ansiedade-no-ambiente-de-trabalho-2\/","name":"Impactos da depress\u00e3o e ansiedade no ambiente de trabalho - MINDSELF","isPartOf":{"@id":"https:\/\/www.mindself.com.br\/en\/#website"},"primaryImageOfPage":{"@id":"https:\/\/www.mindself.com.br\/en\/post\/impactos-da-depressao-e-ansiedade-no-ambiente-de-trabalho-2\/#primaryimage"},"image":{"@id":"https:\/\/www.mindself.com.br\/en\/post\/impactos-da-depressao-e-ansiedade-no-ambiente-de-trabalho-2\/#primaryimage"},"thumbnailUrl":"https:\/\/www.mindself.com.br\/wp-content\/uploads\/2022\/03\/Img17.webp","datePublished":"2022-02-03T16:08:06+00:00","dateModified":"2022-03-23T20:40:53+00:00","description":"Neste artigo trataremos sobre \"Impactos da depress\u00e3o e ansiedade no ambiente de trabalho\" atrav\u00e9s da vis\u00e3o de praticantes de medita\u00e7\u00e3o e especialistas em desenvolvimento pessoal. Leia mais!","breadcrumb":{"@id":"https:\/\/www.mindself.com.br\/en\/post\/impactos-da-depressao-e-ansiedade-no-ambiente-de-trabalho-2\/#breadcrumb"},"inLanguage":"en-US","potentialAction":[{"@type":"ReadAction","target":["https:\/\/www.mindself.com.br\/en\/post\/impactos-da-depressao-e-ansiedade-no-ambiente-de-trabalho-2\/"]}]},{"@type":"ImageObject","inLanguage":"en-US","@id":"https:\/\/www.mindself.com.br\/en\/post\/impactos-da-depressao-e-ansiedade-no-ambiente-de-trabalho-2\/#primaryimage","url":"https:\/\/www.mindself.com.br\/wp-content\/uploads\/2022\/03\/Img17.webp","contentUrl":"https:\/\/www.mindself.com.br\/wp-content\/uploads\/2022\/03\/Img17.webp","width":740,"height":493,"caption":"Img"},{"@type":"BreadcrumbList","@id":"https:\/\/www.mindself.com.br\/en\/post\/impactos-da-depressao-e-ansiedade-no-ambiente-de-trabalho-2\/#breadcrumb","itemListElement":[{"@type":"ListItem","position":1,"name":"In\u00edcio","item":"https:\/\/www.mindself.com.br\/"},{"@type":"ListItem","position":2,"name":"Impactos da depress\u00e3o e ansiedade no ambiente de trabalho"}]},{"@type":"WebSite","@id":"https:\/\/www.mindself.com.br\/en\/#website","url":"https:\/\/www.mindself.com.br\/en\/","name":"MINDSELF","description":"","publisher":{"@id":"https:\/\/www.mindself.com.br\/en\/#organization"},"potentialAction":[{"@type":"SearchAction","target":{"@type":"EntryPoint","urlTemplate":"https:\/\/www.mindself.com.br\/en\/?s={search_term_string}"},"query-input":{"@type":"PropertyValueSpecification","valueRequired":true,"valueName":"search_term_string"}}],"inLanguage":"en-US"},{"@type":"Organization","@id":"https:\/\/www.mindself.com.br\/en\/#organization","name":"MINDSELF","url":"https:\/\/www.mindself.com.br\/en\/","logo":{"@type":"ImageObject","inLanguage":"en-US","@id":"https:\/\/www.mindself.com.br\/en\/#\/schema\/logo\/image\/","url":"https:\/\/www.mindself.com.br\/wp-content\/uploads\/2018\/09\/frame-164451.png","contentUrl":"https:\/\/www.mindself.com.br\/wp-content\/uploads\/2018\/09\/frame-164451.png","width":306,"height":42,"caption":"MINDSELF"},"image":{"@id":"https:\/\/www.mindself.com.br\/en\/#\/schema\/logo\/image\/"},"sameAs":["https:\/\/www.facebook.com\/mindselfmeditacao","https:\/\/www.instagram.com\/mindself_meditacao\/","https:\/\/www.linkedin.com\/company\/mindself\/"]},{"@type":"Person","@id":"https:\/\/www.mindself.com.br\/en\/#\/schema\/person\/f05e4f1b257b4f5f5f436585abc8508a","name":"mindself","url":"https:\/\/www.mindself.com.br\/en\/post\/author\/mindself\/"}]}},"_links":{"self":[{"href":"https:\/\/www.mindself.com.br\/en\/wp-json\/wp\/v2\/posts\/2431","targetHints":{"allow":["GET"]}}],"collection":[{"href":"https:\/\/www.mindself.com.br\/en\/wp-json\/wp\/v2\/posts"}],"about":[{"href":"https:\/\/www.mindself.com.br\/en\/wp-json\/wp\/v2\/types\/post"}],"author":[{"embeddable":true,"href":"https:\/\/www.mindself.com.br\/en\/wp-json\/wp\/v2\/users\/17"}],"replies":[{"embeddable":true,"href":"https:\/\/www.mindself.com.br\/en\/wp-json\/wp\/v2\/comments?post=2431"}],"version-history":[{"count":0,"href":"https:\/\/www.mindself.com.br\/en\/wp-json\/wp\/v2\/posts\/2431\/revisions"}],"wp:featuredmedia":[{"embeddable":true,"href":"https:\/\/www.mindself.com.br\/en\/wp-json\/wp\/v2\/media\/2426"}],"wp:attachment":[{"href":"https:\/\/www.mindself.com.br\/en\/wp-json\/wp\/v2\/media?parent=2431"}],"wp:term":[{"taxonomy":"category","embeddable":true,"href":"https:\/\/www.mindself.com.br\/en\/wp-json\/wp\/v2\/categories?post=2431"},{"taxonomy":"post_tag","embeddable":true,"href":"https:\/\/www.mindself.com.br\/en\/wp-json\/wp\/v2\/tags?post=2431"}],"curies":[{"name":"wp","href":"https:\/\/api.w.org\/{rel}","templated":true}]}}