{"id":2388,"date":"2021-09-09T19:09:29","date_gmt":"2021-09-09T22:09:29","guid":{"rendered":"https:\/\/www.mindself.com.br\/?p=2388"},"modified":"2022-03-23T17:42:42","modified_gmt":"2022-03-23T20:42:42","slug":"mindfulness-no-ambiente-de-trabalho-saiba-o-que-e-e-como-impacta-as-empresas","status":"publish","type":"post","link":"https:\/\/www.mindself.com.br\/en\/post\/mindfulness-no-ambiente-de-trabalho-saiba-o-que-e-e-como-impacta-as-empresas\/","title":{"rendered":"Mindfulness no Ambiente de Trabalho: saiba o que \u00e9 e como impacta as empresas"},"content":{"rendered":"<p>Quem nunca perdeu a concentra\u00e7\u00e3o em uma reuni\u00e3o empresarial? Ou ent\u00e3o se sente cansado at\u00e9 em situa\u00e7\u00f5es de lazer. Esse tipo de problema pode ser amenizado atrav\u00e9s da pr\u00e1tica do Mindfulness. Muitas empresas est\u00e3o investindo em atividades para ajudar seus colaboradores a aumentar o foco, a concentra\u00e7\u00e3o e a disposi\u00e7\u00e3o para execu\u00e7\u00e3o de suas tarefas com menor desgaste. Neste artigo, vamos explicar alguns detalhes sobre essa pr\u00e1tica. Acompanhe!<\/p>\n<h2><\/h2>\n<h2 id=\"viewer-2sni\" class=\"eSWI6 _1j-51 _1FoOD _3M0Fe aujbK iWv3d public-DraftStyleDefault-block-depth0 fixed-tab-size public-DraftStyleDefault-text-ltr\"><span class=\"_2PHJq public-DraftStyleDefault-ltr\">O que \u00e9 o Mindfulness no Ambiente de Trabalho? <\/span><\/h2>\n<div data-hook=\"rcv-block4\">O mindfulness pode ser considerado como uma pr\u00e1tica de medita\u00e7\u00e3o que foi criada pelo m\u00e9dico e cientista Jon Kabat-Zinn. O cientista decidiu utilizar t\u00e9cnicas de medita\u00e7\u00e3o no trabalho com pacientes que sofriam de estresse e tamb\u00e9m dores cr\u00f4nicas. O resultado aparente foi t\u00e3o positivo que Kabat-Zinn come\u00e7ou a aprofundar os seus estudos sobre essa pr\u00e1tica que acabou se tornando conhecida mundialmente. O principal objetivo do mindfulness \u00e9 perceber se a pessoa est\u00e1 atenta a aquilo que acontece \u00e0 sua volta de maneira intencional, e n\u00e3o apenas reagir de maneira autom\u00e1tica sobre a realidade em sua volta.<\/div>\n<p id=\"viewer-ees1b\" class=\"mm8Nw _1j-51 iWv3d _1FoOD _3M0Fe aujbK iWv3d public-DraftStyleDefault-block-depth0 fixed-tab-size public-DraftStyleDefault-text-ltr\"><span class=\"_2PHJq public-DraftStyleDefault-ltr\">De forma simples, \u00e9 tomar consci\u00eancia do momento presente sem julgamento.<\/span><\/p>\n<div data-hook=\"rcv-block7\"><\/div>\n<h2 id=\"viewer-4f0n\" class=\"eSWI6 _1j-51 _1FoOD _3M0Fe aujbK iWv3d public-DraftStyleDefault-block-depth0 fixed-tab-size public-DraftStyleDefault-text-ltr\"><span class=\"_2PHJq public-DraftStyleDefault-ltr\">Benef\u00edcios do Mindfulness <\/span><\/h2>\n<div data-hook=\"rcv-block9\">A pr\u00e1tica do mindfulness traz diversos benef\u00edcios para as pessoas e tamb\u00e9m para as empresas. Ela desenvolve nos colaboradores uma nova percep\u00e7\u00e3o sobre si mesmo e eles passam a reconhecer em si mesmo \u00f3timas qualidades que antes, talvez n\u00e3o percebiam com tanta clareza.<\/div>\n<div data-hook=\"rcv-block10\"><\/div>\n<blockquote id=\"viewer-bob\" class=\"_3cMZT _3Dd1B aLogG _1FoOD _3M0Fe aujbK iWv3d public-DraftStyleDefault-block-depth0 fixed-tab-size public-DraftStyleDefault-text-ltr\"><p><span class=\"_2PHJq public-DraftStyleDefault-ltr\">Podemos destacar como os principais benef\u00edcios do mindfulness: maior concentra\u00e7\u00e3o; mente mais calma; aumento da criatividade; redu\u00e7\u00e3o do estresse e da ansiedade; melhora do desempenho cerebral; percep\u00e7\u00e3o das emo\u00e7\u00f5es positivas; melhora da qualidade de vida e do bem-estar, entre outras.<\/span><\/p><\/blockquote>\n<div data-hook=\"rcv-block11\"><\/div>\n<h2 id=\"viewer-4258m\" class=\"eSWI6 _1j-51 _1FoOD _3M0Fe aujbK iWv3d public-DraftStyleDefault-block-depth0 fixed-tab-size public-DraftStyleDefault-text-ltr\"><span class=\"_2PHJq public-DraftStyleDefault-ltr\">Qual o impacto desta pr\u00e1tica para as empresas? <\/span><\/h2>\n<div data-hook=\"rcv-block12\">No Brasil a aplica\u00e7\u00e3o do mindfulness voltada para o mercado corporativo ainda n\u00e3o \u00e9 muito significativa mas tem crescido. Em outros pa\u00edses do mundo isso j\u00e1 \u00e9 realidade. Na Espanha, por exemplo, de acordo com o Observat\u00f3rio de Recursos Humanos, das 102 empresas classificadas como Top Employers, 64% j\u00e1 t\u00eam iniciativas do mindfulness no ambiente de trabalho. As a\u00e7\u00f5es de maiores destaques nas empresas espanholas s\u00e3o a ado\u00e7\u00e3o de espa\u00e7os de medita\u00e7\u00e3o no pr\u00f3prio ambiente de trabalho, que est\u00e3o presentes em 62% delas e tamb\u00e9m os programas de autoconsci\u00eancia e desenvolvimento pessoal em 52% delas. O principal impacto nas a\u00e7\u00f5es de mindfulness no ambiente corporativo diz respeito ao aumento da produtividade dos colaboradores. A partir de \u00edndices menores de estresse, al\u00edvio de depress\u00e3o e diminui\u00e7\u00e3o da ansiedade, o foco e a concentra\u00e7\u00e3o aumentam e a equipe vai trabalhar de maneira muito mais positiva e com menor desgaste. A partir da pr\u00e1tica constante do mindfulness, \u00e9 poss\u00edvel desenvolver novas habilidades para enfrentar todos os obst\u00e1culos do dia a dia tanto na vida profissional como na pessoal. A empresa que oferece isso vai ganhar com profissionais mais equilibrados, criativos e com melhor capacidade de realiza\u00e7\u00e3o de suas tarefas.<\/div>\n<div data-hook=\"rcv-block13\"><\/div>\n<p id=\"viewer-f1bso\" class=\"mm8Nw _1j-51 iWv3d _1FoOD _3M0Fe aujbK iWv3d public-DraftStyleDefault-block-depth0 fixed-tab-size public-DraftStyleDefault-text-ltr\">\n<div data-hook=\"rcv-block14\"><\/div>\n<p id=\"viewer-e4bh1\" class=\"mm8Nw _1j-51 iWv3d _1FoOD _3M0Fe aujbK iWv3d public-DraftStyleDefault-block-depth0 fixed-tab-size public-DraftStyleDefault-text-ltr\"><span class=\"_2PHJq public-DraftStyleDefault-ltr\">Quer implantar isso na sua empresa? A MindSelf pode te ajudar!<\/span><\/p>","protected":false},"excerpt":{"rendered":"<p>Quem nunca perdeu a concentra\u00e7\u00e3o em uma reuni\u00e3o empresarial? Ou ent\u00e3o se sente cansado at\u00e9 em situa\u00e7\u00f5es de lazer. Esse tipo de problema pode ser amenizado atrav\u00e9s da pr\u00e1tica do Mindfulness. Muitas empresas est\u00e3o investindo em atividades para ajudar seus colaboradores a aumentar o foco, a concentra\u00e7\u00e3o e a disposi\u00e7\u00e3o para execu\u00e7\u00e3o de suas tarefas [&hellip;]<\/p>\n","protected":false},"author":17,"featured_media":2390,"comment_status":"open","ping_status":"open","sticky":false,"template":"","format":"standard","meta":{"footnotes":""},"categories":[1],"tags":[],"class_list":["post-2388","post","type-post","status-publish","format-standard","has-post-thumbnail","hentry","category-uncategorized"],"yoast_head":"<!-- This site is optimized with the Yoast SEO plugin v27.4 - https:\/\/yoast.com\/product\/yoast-seo-wordpress\/ -->\n<title>Mindfulness no Ambiente de Trabalho: saiba o que \u00e9 e como impacta as empresas - MINDSELF<\/title>\n<meta name=\"description\" content=\"Neste artigo trataremos sobre &quot;Mindfulness no Ambiente de Trabalho: saiba o que \u00e9 e como impacta as empresas&quot; atrav\u00e9s da vis\u00e3o de praticantes de medita\u00e7\u00e3o e especialistas em desenvolvimento pessoal. Leia mais!\" \/>\n<meta name=\"robots\" content=\"index, follow, max-snippet:-1, max-image-preview:large, max-video-preview:-1\" \/>\n<link rel=\"canonical\" href=\"https:\/\/www.mindself.com.br\/en\/post\/mindfulness-no-ambiente-de-trabalho-saiba-o-que-e-e-como-impacta-as-empresas\/\" \/>\n<meta property=\"og:locale\" content=\"en_US\" \/>\n<meta property=\"og:type\" content=\"article\" \/>\n<meta property=\"og:title\" content=\"Mindfulness no Ambiente de Trabalho: saiba o que \u00e9 e como impacta as empresas - MINDSELF\" \/>\n<meta property=\"og:description\" content=\"Neste artigo trataremos sobre &quot;Mindfulness no Ambiente de Trabalho: saiba o que \u00e9 e como impacta as empresas&quot; atrav\u00e9s da vis\u00e3o de praticantes de medita\u00e7\u00e3o e especialistas em desenvolvimento pessoal. Leia mais!\" \/>\n<meta property=\"og:url\" content=\"https:\/\/www.mindself.com.br\/en\/post\/mindfulness-no-ambiente-de-trabalho-saiba-o-que-e-e-como-impacta-as-empresas\/\" \/>\n<meta property=\"og:site_name\" content=\"MINDSELF\" \/>\n<meta property=\"article:publisher\" content=\"https:\/\/www.facebook.com\/mindselfmeditacao\" \/>\n<meta property=\"article:published_time\" content=\"2021-09-09T22:09:29+00:00\" \/>\n<meta property=\"article:modified_time\" content=\"2022-03-23T20:42:42+00:00\" \/>\n<meta property=\"og:image\" content=\"https:\/\/www.mindself.com.br\/wp-content\/uploads\/2022\/03\/Img9.jpg\" \/>\n\t<meta property=\"og:image:width\" content=\"347\" \/>\n\t<meta property=\"og:image:height\" content=\"261\" \/>\n\t<meta property=\"og:image:type\" content=\"image\/jpeg\" \/>\n<meta name=\"author\" content=\"mindself\" \/>\n<meta name=\"twitter:card\" content=\"summary_large_image\" \/>\n<meta name=\"twitter:label1\" content=\"Written by\" \/>\n\t<meta name=\"twitter:data1\" content=\"mindself\" \/>\n\t<meta name=\"twitter:label2\" content=\"Est. reading time\" \/>\n\t<meta name=\"twitter:data2\" content=\"3 minutes\" \/>\n<script type=\"application\/ld+json\" class=\"yoast-schema-graph\">{\"@context\":\"https:\\\/\\\/schema.org\",\"@graph\":[{\"@type\":\"Article\",\"@id\":\"https:\\\/\\\/www.mindself.com.br\\\/post\\\/mindfulness-no-ambiente-de-trabalho-saiba-o-que-e-e-como-impacta-as-empresas\\\/#article\",\"isPartOf\":{\"@id\":\"https:\\\/\\\/www.mindself.com.br\\\/post\\\/mindfulness-no-ambiente-de-trabalho-saiba-o-que-e-e-como-impacta-as-empresas\\\/\"},\"author\":{\"name\":\"mindself\",\"@id\":\"https:\\\/\\\/www.mindself.com.br\\\/en\\\/#\\\/schema\\\/person\\\/f05e4f1b257b4f5f5f436585abc8508a\"},\"headline\":\"Mindfulness no Ambiente de Trabalho: saiba o que \u00e9 e como impacta as empresas\",\"datePublished\":\"2021-09-09T22:09:29+00:00\",\"dateModified\":\"2022-03-23T20:42:42+00:00\",\"mainEntityOfPage\":{\"@id\":\"https:\\\/\\\/www.mindself.com.br\\\/post\\\/mindfulness-no-ambiente-de-trabalho-saiba-o-que-e-e-como-impacta-as-empresas\\\/\"},\"wordCount\":546,\"commentCount\":0,\"publisher\":{\"@id\":\"https:\\\/\\\/www.mindself.com.br\\\/en\\\/#organization\"},\"image\":{\"@id\":\"https:\\\/\\\/www.mindself.com.br\\\/post\\\/mindfulness-no-ambiente-de-trabalho-saiba-o-que-e-e-como-impacta-as-empresas\\\/#primaryimage\"},\"thumbnailUrl\":\"https:\\\/\\\/www.mindself.com.br\\\/wp-content\\\/uploads\\\/2022\\\/03\\\/Img9.jpg\",\"inLanguage\":\"en-US\"},{\"@type\":\"WebPage\",\"@id\":\"https:\\\/\\\/www.mindself.com.br\\\/post\\\/mindfulness-no-ambiente-de-trabalho-saiba-o-que-e-e-como-impacta-as-empresas\\\/\",\"url\":\"https:\\\/\\\/www.mindself.com.br\\\/post\\\/mindfulness-no-ambiente-de-trabalho-saiba-o-que-e-e-como-impacta-as-empresas\\\/\",\"name\":\"Mindfulness no Ambiente de Trabalho: saiba o que \u00e9 e como impacta as empresas - MINDSELF\",\"isPartOf\":{\"@id\":\"https:\\\/\\\/www.mindself.com.br\\\/en\\\/#website\"},\"primaryImageOfPage\":{\"@id\":\"https:\\\/\\\/www.mindself.com.br\\\/post\\\/mindfulness-no-ambiente-de-trabalho-saiba-o-que-e-e-como-impacta-as-empresas\\\/#primaryimage\"},\"image\":{\"@id\":\"https:\\\/\\\/www.mindself.com.br\\\/post\\\/mindfulness-no-ambiente-de-trabalho-saiba-o-que-e-e-como-impacta-as-empresas\\\/#primaryimage\"},\"thumbnailUrl\":\"https:\\\/\\\/www.mindself.com.br\\\/wp-content\\\/uploads\\\/2022\\\/03\\\/Img9.jpg\",\"datePublished\":\"2021-09-09T22:09:29+00:00\",\"dateModified\":\"2022-03-23T20:42:42+00:00\",\"description\":\"Neste artigo trataremos sobre \\\"Mindfulness no Ambiente de Trabalho: saiba o que \u00e9 e como impacta as empresas\\\" atrav\u00e9s da vis\u00e3o de praticantes de medita\u00e7\u00e3o e especialistas em desenvolvimento pessoal. Leia mais!\",\"breadcrumb\":{\"@id\":\"https:\\\/\\\/www.mindself.com.br\\\/post\\\/mindfulness-no-ambiente-de-trabalho-saiba-o-que-e-e-como-impacta-as-empresas\\\/#breadcrumb\"},\"inLanguage\":\"en-US\",\"potentialAction\":[{\"@type\":\"ReadAction\",\"target\":[\"https:\\\/\\\/www.mindself.com.br\\\/post\\\/mindfulness-no-ambiente-de-trabalho-saiba-o-que-e-e-como-impacta-as-empresas\\\/\"]}]},{\"@type\":\"ImageObject\",\"inLanguage\":\"en-US\",\"@id\":\"https:\\\/\\\/www.mindself.com.br\\\/post\\\/mindfulness-no-ambiente-de-trabalho-saiba-o-que-e-e-como-impacta-as-empresas\\\/#primaryimage\",\"url\":\"https:\\\/\\\/www.mindself.com.br\\\/wp-content\\\/uploads\\\/2022\\\/03\\\/Img9.jpg\",\"contentUrl\":\"https:\\\/\\\/www.mindself.com.br\\\/wp-content\\\/uploads\\\/2022\\\/03\\\/Img9.jpg\",\"width\":347,\"height\":261,\"caption\":\"Img\"},{\"@type\":\"BreadcrumbList\",\"@id\":\"https:\\\/\\\/www.mindself.com.br\\\/post\\\/mindfulness-no-ambiente-de-trabalho-saiba-o-que-e-e-como-impacta-as-empresas\\\/#breadcrumb\",\"itemListElement\":[{\"@type\":\"ListItem\",\"position\":1,\"name\":\"In\u00edcio\",\"item\":\"https:\\\/\\\/www.mindself.com.br\\\/\"},{\"@type\":\"ListItem\",\"position\":2,\"name\":\"Mindfulness no Ambiente de Trabalho: saiba o que \u00e9 e como impacta as empresas\"}]},{\"@type\":\"WebSite\",\"@id\":\"https:\\\/\\\/www.mindself.com.br\\\/en\\\/#website\",\"url\":\"https:\\\/\\\/www.mindself.com.br\\\/en\\\/\",\"name\":\"MINDSELF\",\"description\":\"\",\"publisher\":{\"@id\":\"https:\\\/\\\/www.mindself.com.br\\\/en\\\/#organization\"},\"potentialAction\":[{\"@type\":\"SearchAction\",\"target\":{\"@type\":\"EntryPoint\",\"urlTemplate\":\"https:\\\/\\\/www.mindself.com.br\\\/en\\\/?s={search_term_string}\"},\"query-input\":{\"@type\":\"PropertyValueSpecification\",\"valueRequired\":true,\"valueName\":\"search_term_string\"}}],\"inLanguage\":\"en-US\"},{\"@type\":\"Organization\",\"@id\":\"https:\\\/\\\/www.mindself.com.br\\\/en\\\/#organization\",\"name\":\"MINDSELF\",\"url\":\"https:\\\/\\\/www.mindself.com.br\\\/en\\\/\",\"logo\":{\"@type\":\"ImageObject\",\"inLanguage\":\"en-US\",\"@id\":\"https:\\\/\\\/www.mindself.com.br\\\/en\\\/#\\\/schema\\\/logo\\\/image\\\/\",\"url\":\"https:\\\/\\\/www.mindself.com.br\\\/wp-content\\\/uploads\\\/2018\\\/09\\\/frame-164451.png\",\"contentUrl\":\"https:\\\/\\\/www.mindself.com.br\\\/wp-content\\\/uploads\\\/2018\\\/09\\\/frame-164451.png\",\"width\":306,\"height\":42,\"caption\":\"MINDSELF\"},\"image\":{\"@id\":\"https:\\\/\\\/www.mindself.com.br\\\/en\\\/#\\\/schema\\\/logo\\\/image\\\/\"},\"sameAs\":[\"https:\\\/\\\/www.facebook.com\\\/mindselfmeditacao\",\"https:\\\/\\\/www.instagram.com\\\/mindself_meditacao\\\/\",\"https:\\\/\\\/www.linkedin.com\\\/company\\\/mindself\\\/\"]},{\"@type\":\"Person\",\"@id\":\"https:\\\/\\\/www.mindself.com.br\\\/en\\\/#\\\/schema\\\/person\\\/f05e4f1b257b4f5f5f436585abc8508a\",\"name\":\"mindself\",\"url\":\"https:\\\/\\\/www.mindself.com.br\\\/en\\\/post\\\/author\\\/mindself\\\/\"}]}<\/script>\n<!-- \/ Yoast SEO plugin. -->","yoast_head_json":{"title":"Mindfulness no Ambiente de Trabalho: saiba o que \u00e9 e como impacta as empresas - MINDSELF","description":"Neste artigo trataremos sobre \"Mindfulness no Ambiente de Trabalho: saiba o que \u00e9 e como impacta as empresas\" atrav\u00e9s da vis\u00e3o de praticantes de medita\u00e7\u00e3o e especialistas em desenvolvimento pessoal. Leia mais!","robots":{"index":"index","follow":"follow","max-snippet":"max-snippet:-1","max-image-preview":"max-image-preview:large","max-video-preview":"max-video-preview:-1"},"canonical":"https:\/\/www.mindself.com.br\/en\/post\/mindfulness-no-ambiente-de-trabalho-saiba-o-que-e-e-como-impacta-as-empresas\/","og_locale":"en_US","og_type":"article","og_title":"Mindfulness no Ambiente de Trabalho: saiba o que \u00e9 e como impacta as empresas - MINDSELF","og_description":"Neste artigo trataremos sobre \"Mindfulness no Ambiente de Trabalho: saiba o que \u00e9 e como impacta as empresas\" atrav\u00e9s da vis\u00e3o de praticantes de medita\u00e7\u00e3o e especialistas em desenvolvimento pessoal. Leia mais!","og_url":"https:\/\/www.mindself.com.br\/en\/post\/mindfulness-no-ambiente-de-trabalho-saiba-o-que-e-e-como-impacta-as-empresas\/","og_site_name":"MINDSELF","article_publisher":"https:\/\/www.facebook.com\/mindselfmeditacao","article_published_time":"2021-09-09T22:09:29+00:00","article_modified_time":"2022-03-23T20:42:42+00:00","og_image":[{"width":347,"height":261,"url":"https:\/\/www.mindself.com.br\/wp-content\/uploads\/2022\/03\/Img9.jpg","type":"image\/jpeg"}],"author":"mindself","twitter_card":"summary_large_image","twitter_misc":{"Written by":"mindself","Est. reading time":"3 minutes"},"schema":{"@context":"https:\/\/schema.org","@graph":[{"@type":"Article","@id":"https:\/\/www.mindself.com.br\/post\/mindfulness-no-ambiente-de-trabalho-saiba-o-que-e-e-como-impacta-as-empresas\/#article","isPartOf":{"@id":"https:\/\/www.mindself.com.br\/post\/mindfulness-no-ambiente-de-trabalho-saiba-o-que-e-e-como-impacta-as-empresas\/"},"author":{"name":"mindself","@id":"https:\/\/www.mindself.com.br\/en\/#\/schema\/person\/f05e4f1b257b4f5f5f436585abc8508a"},"headline":"Mindfulness no Ambiente de Trabalho: saiba o que \u00e9 e como impacta as empresas","datePublished":"2021-09-09T22:09:29+00:00","dateModified":"2022-03-23T20:42:42+00:00","mainEntityOfPage":{"@id":"https:\/\/www.mindself.com.br\/post\/mindfulness-no-ambiente-de-trabalho-saiba-o-que-e-e-como-impacta-as-empresas\/"},"wordCount":546,"commentCount":0,"publisher":{"@id":"https:\/\/www.mindself.com.br\/en\/#organization"},"image":{"@id":"https:\/\/www.mindself.com.br\/post\/mindfulness-no-ambiente-de-trabalho-saiba-o-que-e-e-como-impacta-as-empresas\/#primaryimage"},"thumbnailUrl":"https:\/\/www.mindself.com.br\/wp-content\/uploads\/2022\/03\/Img9.jpg","inLanguage":"en-US"},{"@type":"WebPage","@id":"https:\/\/www.mindself.com.br\/post\/mindfulness-no-ambiente-de-trabalho-saiba-o-que-e-e-como-impacta-as-empresas\/","url":"https:\/\/www.mindself.com.br\/post\/mindfulness-no-ambiente-de-trabalho-saiba-o-que-e-e-como-impacta-as-empresas\/","name":"Mindfulness no Ambiente de Trabalho: saiba o que \u00e9 e como impacta as empresas - MINDSELF","isPartOf":{"@id":"https:\/\/www.mindself.com.br\/en\/#website"},"primaryImageOfPage":{"@id":"https:\/\/www.mindself.com.br\/post\/mindfulness-no-ambiente-de-trabalho-saiba-o-que-e-e-como-impacta-as-empresas\/#primaryimage"},"image":{"@id":"https:\/\/www.mindself.com.br\/post\/mindfulness-no-ambiente-de-trabalho-saiba-o-que-e-e-como-impacta-as-empresas\/#primaryimage"},"thumbnailUrl":"https:\/\/www.mindself.com.br\/wp-content\/uploads\/2022\/03\/Img9.jpg","datePublished":"2021-09-09T22:09:29+00:00","dateModified":"2022-03-23T20:42:42+00:00","description":"Neste artigo trataremos sobre \"Mindfulness no Ambiente de Trabalho: saiba o que \u00e9 e como impacta as empresas\" atrav\u00e9s da vis\u00e3o de praticantes de medita\u00e7\u00e3o e especialistas em desenvolvimento pessoal. Leia mais!","breadcrumb":{"@id":"https:\/\/www.mindself.com.br\/post\/mindfulness-no-ambiente-de-trabalho-saiba-o-que-e-e-como-impacta-as-empresas\/#breadcrumb"},"inLanguage":"en-US","potentialAction":[{"@type":"ReadAction","target":["https:\/\/www.mindself.com.br\/post\/mindfulness-no-ambiente-de-trabalho-saiba-o-que-e-e-como-impacta-as-empresas\/"]}]},{"@type":"ImageObject","inLanguage":"en-US","@id":"https:\/\/www.mindself.com.br\/post\/mindfulness-no-ambiente-de-trabalho-saiba-o-que-e-e-como-impacta-as-empresas\/#primaryimage","url":"https:\/\/www.mindself.com.br\/wp-content\/uploads\/2022\/03\/Img9.jpg","contentUrl":"https:\/\/www.mindself.com.br\/wp-content\/uploads\/2022\/03\/Img9.jpg","width":347,"height":261,"caption":"Img"},{"@type":"BreadcrumbList","@id":"https:\/\/www.mindself.com.br\/post\/mindfulness-no-ambiente-de-trabalho-saiba-o-que-e-e-como-impacta-as-empresas\/#breadcrumb","itemListElement":[{"@type":"ListItem","position":1,"name":"In\u00edcio","item":"https:\/\/www.mindself.com.br\/"},{"@type":"ListItem","position":2,"name":"Mindfulness no Ambiente de Trabalho: saiba o que \u00e9 e como impacta as empresas"}]},{"@type":"WebSite","@id":"https:\/\/www.mindself.com.br\/en\/#website","url":"https:\/\/www.mindself.com.br\/en\/","name":"MINDSELF","description":"","publisher":{"@id":"https:\/\/www.mindself.com.br\/en\/#organization"},"potentialAction":[{"@type":"SearchAction","target":{"@type":"EntryPoint","urlTemplate":"https:\/\/www.mindself.com.br\/en\/?s={search_term_string}"},"query-input":{"@type":"PropertyValueSpecification","valueRequired":true,"valueName":"search_term_string"}}],"inLanguage":"en-US"},{"@type":"Organization","@id":"https:\/\/www.mindself.com.br\/en\/#organization","name":"MINDSELF","url":"https:\/\/www.mindself.com.br\/en\/","logo":{"@type":"ImageObject","inLanguage":"en-US","@id":"https:\/\/www.mindself.com.br\/en\/#\/schema\/logo\/image\/","url":"https:\/\/www.mindself.com.br\/wp-content\/uploads\/2018\/09\/frame-164451.png","contentUrl":"https:\/\/www.mindself.com.br\/wp-content\/uploads\/2018\/09\/frame-164451.png","width":306,"height":42,"caption":"MINDSELF"},"image":{"@id":"https:\/\/www.mindself.com.br\/en\/#\/schema\/logo\/image\/"},"sameAs":["https:\/\/www.facebook.com\/mindselfmeditacao","https:\/\/www.instagram.com\/mindself_meditacao\/","https:\/\/www.linkedin.com\/company\/mindself\/"]},{"@type":"Person","@id":"https:\/\/www.mindself.com.br\/en\/#\/schema\/person\/f05e4f1b257b4f5f5f436585abc8508a","name":"mindself","url":"https:\/\/www.mindself.com.br\/en\/post\/author\/mindself\/"}]}},"_links":{"self":[{"href":"https:\/\/www.mindself.com.br\/en\/wp-json\/wp\/v2\/posts\/2388","targetHints":{"allow":["GET"]}}],"collection":[{"href":"https:\/\/www.mindself.com.br\/en\/wp-json\/wp\/v2\/posts"}],"about":[{"href":"https:\/\/www.mindself.com.br\/en\/wp-json\/wp\/v2\/types\/post"}],"author":[{"embeddable":true,"href":"https:\/\/www.mindself.com.br\/en\/wp-json\/wp\/v2\/users\/17"}],"replies":[{"embeddable":true,"href":"https:\/\/www.mindself.com.br\/en\/wp-json\/wp\/v2\/comments?post=2388"}],"version-history":[{"count":0,"href":"https:\/\/www.mindself.com.br\/en\/wp-json\/wp\/v2\/posts\/2388\/revisions"}],"wp:featuredmedia":[{"embeddable":true,"href":"https:\/\/www.mindself.com.br\/en\/wp-json\/wp\/v2\/media\/2390"}],"wp:attachment":[{"href":"https:\/\/www.mindself.com.br\/en\/wp-json\/wp\/v2\/media?parent=2388"}],"wp:term":[{"taxonomy":"category","embeddable":true,"href":"https:\/\/www.mindself.com.br\/en\/wp-json\/wp\/v2\/categories?post=2388"},{"taxonomy":"post_tag","embeddable":true,"href":"https:\/\/www.mindself.com.br\/en\/wp-json\/wp\/v2\/tags?post=2388"}],"curies":[{"name":"wp","href":"https:\/\/api.w.org\/{rel}","templated":true}]}}